{"id":9354,"date":"2020-09-30T15:15:20","date_gmt":"2020-09-30T21:15:20","guid":{"rendered":"https:\/\/www.comapanuevolaredo.gob.mx\/sitio\/?p=9354"},"modified":"2020-09-30T15:15:20","modified_gmt":"2020-09-30T21:15:20","slug":"arranca-comapa-con-exito-instalaciones-de-brocales-en-la-ciudad","status":"publish","type":"post","link":"https:\/\/www.comapanuevolaredo.gob.mx\/sitio\/arranca-comapa-con-exito-instalaciones-de-brocales-en-la-ciudad\/","title":{"rendered":"Arranca COMAPA con \u00e9xito instalaciones de brocales en la ciudad.\u00a0"},"content":{"rendered":"<p>Personal de la Comisi\u00f3n Municipal de Agua Potable y Alcantarillado \u2013COMAPA- la tarde de ayer dieron arranque las dos cuadrillas que se agregaron a este Organismo para realizar exclusivamente trabajos de instalaci\u00f3n de brocales \u2013alcantarillas- y reparaci\u00f3n de las mismas en los diversos sectores de la ciudad con la finalidad de dar pronta atenci\u00f3n a los reportes de los ciudadanos y a su vez prevenir que las tuber\u00edas de drenaje sanitario se taponeen durante la temporada de lluvias en Nuevo Laredo.<\/p>\n<p>El Licenciado Luis Moreno gerente general del organismo operador mencion\u00f3 que se han instalado hasta el momento 5 brocales con el apoyo de 2 cuadrillas cada una con 3 elementos quienes realizar\u00e1n espec\u00edficamente esta labor.<\/p>\n<p>\u201cLos Brocales se instalaron en la calle Victoria cruz con Reynosa, Santa Felicidad cuadra 12, Jacaranda y Margarito Casta\u00f1eda, Gonz\u00e1lez y Eva S\u00e1mano y en la esquina de Lago de Chapala cruz con Lago de Toronto; seguiremos con esta labor que es de suma importancia ya que cuando llueve muchos ciudadanos quitan las tapas y se pierden y estas a su vez ocasionan que la basura en las calles llegue a las l\u00edneas de conducci\u00f3n y se taponeen, ocasionando el desbordamiento de aguas residuales o bien el colapso de las l\u00edneas de drenaje\u201d destac\u00f3 Moreno.<\/p>\n<p>Dichos brocales se estar\u00e1n instalando en diversos puntos de la ciudad que han sido requeridos por la ciudadan\u00eda, as\u00ed como los puntos que se han detectado por las cuadrillas de la paramunicipal al realizar los recorridos.<\/p>\n<p>Los brocales instalados son de material de polietileno grueso tr\u00e1fico pesado de alta densidad para soportar los sectores que tienen tr\u00e1fico concurrido.<\/p>\n<p>Moreno exhorta a los ciudadanos a evitar quitar las tapas de alcantarillas cuando llueve y el tirar basura en las calles, para ello se cuenta con personal especializado para dar mantenimiento a las rejillas y alcantarillas en la ciudad, se\u00f1alando tambi\u00e9n que los neolaredenses pueden registrar sus reportes a trav\u00e9s de la l\u00ednea telef\u00f3nica 073, 8671936851 o bien en la p\u00e1gina de Facebook.<\/p>\n","protected":false},"excerpt":{"rendered":"<p>Personal de la Comisi\u00f3n Municipal de Agua Potable y Alcantarillado \u2013COMAPA- la tarde de ayer dieron arranque las dos cuadrillas que se agregaron a este Organismo para realizar exclusivamente trabajos de instalaci\u00f3n de brocales \u2013alcantarillas- y reparaci\u00f3n de las mismas en los diversos sectores de la ciudad con la finalidad de dar pronta atenci\u00f3n a [&hellip;]<\/p>\n","protected":false},"author":5,"featured_media":9355,"comment_status":"open","ping_status":"closed","sticky":false,"template":"","format":"image","meta":{"footnotes":""},"categories":[19],"tags":[],"class_list":["post-9354","post","type-post","status-publish","format-image","has-post-thumbnail","hentry","category-drenaje","post_format-post-format-image"],"yoast_head":"<!-- This site is optimized with the Yoast SEO plugin v27.3 - https:\/\/yoast.com\/product\/yoast-seo-wordpress\/ -->\r\n<title>Arranca COMAPA con \u00e9xito instalaciones de brocales en la ciudad.\u00a0 - Comapa Nuevo Laredo<\/title>\r\n<meta name=\"robots\" content=\"index, follow, max-snippet:-1, max-image-preview:large, max-video-preview:-1\" \/>\r\n<link rel=\"canonical\" href=\"https:\/\/www.comapanuevolaredo.gob.mx\/sitio\/arranca-comapa-con-exito-instalaciones-de-brocales-en-la-ciudad\/\" \/>\r\n<meta property=\"og:locale\" content=\"es_ES\" \/>\r\n<meta property=\"og:type\" content=\"article\" \/>\r\n<meta property=\"og:title\" content=\"Arranca COMAPA con \u00e9xito instalaciones de brocales en la ciudad.\u00a0 - Comapa Nuevo Laredo\" \/>\r\n<meta property=\"og:description\" content=\"Personal de la Comisi\u00f3n Municipal de Agua Potable y Alcantarillado \u2013COMAPA- la tarde de ayer dieron arranque las dos cuadrillas que se agregaron a este Organismo para realizar exclusivamente trabajos de instalaci\u00f3n de brocales \u2013alcantarillas- y reparaci\u00f3n de las mismas en los diversos sectores de la ciudad con la finalidad de dar pronta atenci\u00f3n a [&hellip;]\" \/>\r\n<meta property=\"og:url\" content=\"https:\/\/www.comapanuevolaredo.gob.mx\/sitio\/arranca-comapa-con-exito-instalaciones-de-brocales-en-la-ciudad\/\" \/>\r\n<meta property=\"og:site_name\" content=\"Comapa Nuevo Laredo\" \/>\r\n<meta property=\"article:publisher\" content=\"https:\/\/www.facebook.com\/comapa.nuevolaredo\/\" \/>\r\n<meta property=\"article:published_time\" content=\"2020-09-30T21:15:20+00:00\" \/>\r\n<meta property=\"og:image\" content=\"https:\/\/www.comapanuevolaredo.gob.mx\/sitio\/wp-content\/uploads\/2020\/09\/WhatsApp-Image-2020-09-30-at-3.52.35-PM.jpeg\" \/>\r\n\t<meta property=\"og:image:width\" content=\"1280\" \/>\r\n\t<meta property=\"og:image:height\" content=\"548\" \/>\r\n\t<meta property=\"og:image:type\" content=\"image\/jpeg\" \/>\r\n<meta name=\"author\" content=\"Maria Lopez\" \/>\r\n<meta name=\"twitter:card\" content=\"summary_large_image\" \/>\r\n<meta name=\"twitter:creator\" content=\"@ComapaNvoLaredo\" \/>\r\n<meta name=\"twitter:site\" content=\"@ComapaNvoLaredo\" \/>\r\n<meta name=\"twitter:label1\" content=\"Escrito por\" \/>\n\t<meta name=\"twitter:data1\" content=\"Maria Lopez\" \/>\n\t<meta name=\"twitter:label2\" content=\"Tiempo de lectura\" \/>\n\t<meta name=\"twitter:data2\" content=\"2 minutos\" \/>\r\n<script type=\"application\/ld+json\" class=\"yoast-schema-graph\">{\"@context\":\"https:\\\/\\\/schema.org\",\"@graph\":[{\"@type\":\"Article\",\"@id\":\"https:\\\/\\\/www.comapanuevolaredo.gob.mx\\\/sitio\\\/arranca-comapa-con-exito-instalaciones-de-brocales-en-la-ciudad\\\/#article\",\"isPartOf\":{\"@id\":\"https:\\\/\\\/www.comapanuevolaredo.gob.mx\\\/sitio\\\/arranca-comapa-con-exito-instalaciones-de-brocales-en-la-ciudad\\\/\"},\"author\":{\"name\":\"Maria Lopez\",\"@id\":\"https:\\\/\\\/www.comapanuevolaredo.gob.mx\\\/sitio\\\/#\\\/schema\\\/person\\\/ae787822493d496cf945760f0fd0b946\"},\"headline\":\"Arranca COMAPA con \u00e9xito instalaciones de brocales en la ciudad.\u00a0\",\"datePublished\":\"2020-09-30T21:15:20+00:00\",\"mainEntityOfPage\":{\"@id\":\"https:\\\/\\\/www.comapanuevolaredo.gob.mx\\\/sitio\\\/arranca-comapa-con-exito-instalaciones-de-brocales-en-la-ciudad\\\/\"},\"wordCount\":359,\"commentCount\":0,\"publisher\":{\"@id\":\"https:\\\/\\\/www.comapanuevolaredo.gob.mx\\\/sitio\\\/#organization\"},\"image\":{\"@id\":\"https:\\\/\\\/www.comapanuevolaredo.gob.mx\\\/sitio\\\/arranca-comapa-con-exito-instalaciones-de-brocales-en-la-ciudad\\\/#primaryimage\"},\"thumbnailUrl\":\"https:\\\/\\\/www.comapanuevolaredo.gob.mx\\\/sitio\\\/wp-content\\\/uploads\\\/2020\\\/09\\\/WhatsApp-Image-2020-09-30-at-3.52.35-PM.jpeg\",\"articleSection\":[\"Drenaje\"],\"inLanguage\":\"es\",\"potentialAction\":[{\"@type\":\"CommentAction\",\"name\":\"Comment\",\"target\":[\"https:\\\/\\\/www.comapanuevolaredo.gob.mx\\\/sitio\\\/arranca-comapa-con-exito-instalaciones-de-brocales-en-la-ciudad\\\/#respond\"]}]},{\"@type\":\"WebPage\",\"@id\":\"https:\\\/\\\/www.comapanuevolaredo.gob.mx\\\/sitio\\\/arranca-comapa-con-exito-instalaciones-de-brocales-en-la-ciudad\\\/\",\"url\":\"https:\\\/\\\/www.comapanuevolaredo.gob.mx\\\/sitio\\\/arranca-comapa-con-exito-instalaciones-de-brocales-en-la-ciudad\\\/\",\"name\":\"Arranca COMAPA con \u00e9xito instalaciones de brocales en la ciudad.\u00a0 - Comapa Nuevo Laredo\",\"isPartOf\":{\"@id\":\"https:\\\/\\\/www.comapanuevolaredo.gob.mx\\\/sitio\\\/#website\"},\"primaryImageOfPage\":{\"@id\":\"https:\\\/\\\/www.comapanuevolaredo.gob.mx\\\/sitio\\\/arranca-comapa-con-exito-instalaciones-de-brocales-en-la-ciudad\\\/#primaryimage\"},\"image\":{\"@id\":\"https:\\\/\\\/www.comapanuevolaredo.gob.mx\\\/sitio\\\/arranca-comapa-con-exito-instalaciones-de-brocales-en-la-ciudad\\\/#primaryimage\"},\"thumbnailUrl\":\"https:\\\/\\\/www.comapanuevolaredo.gob.mx\\\/sitio\\\/wp-content\\\/uploads\\\/2020\\\/09\\\/WhatsApp-Image-2020-09-30-at-3.52.35-PM.jpeg\",\"datePublished\":\"2020-09-30T21:15:20+00:00\",\"breadcrumb\":{\"@id\":\"https:\\\/\\\/www.comapanuevolaredo.gob.mx\\\/sitio\\\/arranca-comapa-con-exito-instalaciones-de-brocales-en-la-ciudad\\\/#breadcrumb\"},\"inLanguage\":\"es\",\"potentialAction\":[{\"@type\":\"ReadAction\",\"target\":[\"https:\\\/\\\/www.comapanuevolaredo.gob.mx\\\/sitio\\\/arranca-comapa-con-exito-instalaciones-de-brocales-en-la-ciudad\\\/\"]}]},{\"@type\":\"ImageObject\",\"inLanguage\":\"es\",\"@id\":\"https:\\\/\\\/www.comapanuevolaredo.gob.mx\\\/sitio\\\/arranca-comapa-con-exito-instalaciones-de-brocales-en-la-ciudad\\\/#primaryimage\",\"url\":\"https:\\\/\\\/www.comapanuevolaredo.gob.mx\\\/sitio\\\/wp-content\\\/uploads\\\/2020\\\/09\\\/WhatsApp-Image-2020-09-30-at-3.52.35-PM.jpeg\",\"contentUrl\":\"https:\\\/\\\/www.comapanuevolaredo.gob.mx\\\/sitio\\\/wp-content\\\/uploads\\\/2020\\\/09\\\/WhatsApp-Image-2020-09-30-at-3.52.35-PM.jpeg\",\"width\":1280,\"height\":548},{\"@type\":\"BreadcrumbList\",\"@id\":\"https:\\\/\\\/www.comapanuevolaredo.gob.mx\\\/sitio\\\/arranca-comapa-con-exito-instalaciones-de-brocales-en-la-ciudad\\\/#breadcrumb\",\"itemListElement\":[{\"@type\":\"ListItem\",\"position\":1,\"name\":\"Home\",\"item\":\"https:\\\/\\\/www.comapanuevolaredo.gob.mx\\\/sitio\\\/\"},{\"@type\":\"ListItem\",\"position\":2,\"name\":\"Arranca COMAPA con \u00e9xito instalaciones de brocales en la ciudad.\u00a0\"}]},{\"@type\":\"WebSite\",\"@id\":\"https:\\\/\\\/www.comapanuevolaredo.gob.mx\\\/sitio\\\/#website\",\"url\":\"https:\\\/\\\/www.comapanuevolaredo.gob.mx\\\/sitio\\\/\",\"name\":\"Comapa Nuevo Laredo\",\"description\":\"Servicio y distribuci\u00f3n de agua potable y drenaje, planta potabilizadora en NLD, a orillas del R\u00edo Bravo, en la Frontera Norte de Tamaulipas, M\u00e9xico\",\"publisher\":{\"@id\":\"https:\\\/\\\/www.comapanuevolaredo.gob.mx\\\/sitio\\\/#organization\"},\"potentialAction\":[{\"@type\":\"SearchAction\",\"target\":{\"@type\":\"EntryPoint\",\"urlTemplate\":\"https:\\\/\\\/www.comapanuevolaredo.gob.mx\\\/sitio\\\/?s={search_term_string}\"},\"query-input\":{\"@type\":\"PropertyValueSpecification\",\"valueRequired\":true,\"valueName\":\"search_term_string\"}}],\"inLanguage\":\"es\"},{\"@type\":\"Organization\",\"@id\":\"https:\\\/\\\/www.comapanuevolaredo.gob.mx\\\/sitio\\\/#organization\",\"name\":\"Comapa Nuevo Laredo\",\"url\":\"https:\\\/\\\/www.comapanuevolaredo.gob.mx\\\/sitio\\\/\",\"logo\":{\"@type\":\"ImageObject\",\"inLanguage\":\"es\",\"@id\":\"https:\\\/\\\/www.comapanuevolaredo.gob.mx\\\/sitio\\\/#\\\/schema\\\/logo\\\/image\\\/\",\"url\":\"https:\\\/\\\/www.comapanuevolaredo.gob.mx\\\/sitio\\\/wp-content\\\/uploads\\\/2025\\\/02\\\/cropped-512.jpg\",\"contentUrl\":\"https:\\\/\\\/www.comapanuevolaredo.gob.mx\\\/sitio\\\/wp-content\\\/uploads\\\/2025\\\/02\\\/cropped-512.jpg\",\"width\":512,\"height\":512,\"caption\":\"Comapa Nuevo Laredo\"},\"image\":{\"@id\":\"https:\\\/\\\/www.comapanuevolaredo.gob.mx\\\/sitio\\\/#\\\/schema\\\/logo\\\/image\\\/\"},\"sameAs\":[\"https:\\\/\\\/www.facebook.com\\\/comapa.nuevolaredo\\\/\",\"https:\\\/\\\/x.com\\\/ComapaNvoLaredo\",\"https:\\\/\\\/www.instagram.com\\\/comapanld\\\/\"]},{\"@type\":\"Person\",\"@id\":\"https:\\\/\\\/www.comapanuevolaredo.gob.mx\\\/sitio\\\/#\\\/schema\\\/person\\\/ae787822493d496cf945760f0fd0b946\",\"name\":\"Maria Lopez\",\"image\":{\"@type\":\"ImageObject\",\"inLanguage\":\"es\",\"@id\":\"https:\\\/\\\/secure.gravatar.com\\\/avatar\\\/7ac2587dd5cd349dd672fa36db82c350044bd4bb0fb2e657e62cee6743365d9b?s=96&d=mm&r=g\",\"url\":\"https:\\\/\\\/secure.gravatar.com\\\/avatar\\\/7ac2587dd5cd349dd672fa36db82c350044bd4bb0fb2e657e62cee6743365d9b?s=96&d=mm&r=g\",\"contentUrl\":\"https:\\\/\\\/secure.gravatar.com\\\/avatar\\\/7ac2587dd5cd349dd672fa36db82c350044bd4bb0fb2e657e62cee6743365d9b?s=96&d=mm&r=g\",\"caption\":\"Maria Lopez\"},\"sameAs\":[\"http:\\\/\\\/www.comapanuevolaredo.gob.mx\"]}]}<\/script>\r\n<!-- \/ Yoast SEO plugin. -->","yoast_head_json":{"title":"Arranca COMAPA con \u00e9xito instalaciones de brocales en la ciudad.\u00a0 - Comapa Nuevo Laredo","robots":{"index":"index","follow":"follow","max-snippet":"max-snippet:-1","max-image-preview":"max-image-preview:large","max-video-preview":"max-video-preview:-1"},"canonical":"https:\/\/www.comapanuevolaredo.gob.mx\/sitio\/arranca-comapa-con-exito-instalaciones-de-brocales-en-la-ciudad\/","og_locale":"es_ES","og_type":"article","og_title":"Arranca COMAPA con \u00e9xito instalaciones de brocales en la ciudad.\u00a0 - Comapa Nuevo Laredo","og_description":"Personal de la Comisi\u00f3n Municipal de Agua Potable y Alcantarillado \u2013COMAPA- la tarde de ayer dieron arranque las dos cuadrillas que se agregaron a este Organismo para realizar exclusivamente trabajos de instalaci\u00f3n de brocales \u2013alcantarillas- y reparaci\u00f3n de las mismas en los diversos sectores de la ciudad con la finalidad de dar pronta atenci\u00f3n a [&hellip;]","og_url":"https:\/\/www.comapanuevolaredo.gob.mx\/sitio\/arranca-comapa-con-exito-instalaciones-de-brocales-en-la-ciudad\/","og_site_name":"Comapa Nuevo Laredo","article_publisher":"https:\/\/www.facebook.com\/comapa.nuevolaredo\/","article_published_time":"2020-09-30T21:15:20+00:00","og_image":[{"width":1280,"height":548,"url":"https:\/\/www.comapanuevolaredo.gob.mx\/sitio\/wp-content\/uploads\/2020\/09\/WhatsApp-Image-2020-09-30-at-3.52.35-PM.jpeg","type":"image\/jpeg"}],"author":"Maria Lopez","twitter_card":"summary_large_image","twitter_creator":"@ComapaNvoLaredo","twitter_site":"@ComapaNvoLaredo","twitter_misc":{"Escrito por":"Maria Lopez","Tiempo de lectura":"2 minutos"},"schema":{"@context":"https:\/\/schema.org","@graph":[{"@type":"Article","@id":"https:\/\/www.comapanuevolaredo.gob.mx\/sitio\/arranca-comapa-con-exito-instalaciones-de-brocales-en-la-ciudad\/#article","isPartOf":{"@id":"https:\/\/www.comapanuevolaredo.gob.mx\/sitio\/arranca-comapa-con-exito-instalaciones-de-brocales-en-la-ciudad\/"},"author":{"name":"Maria Lopez","@id":"https:\/\/www.comapanuevolaredo.gob.mx\/sitio\/#\/schema\/person\/ae787822493d496cf945760f0fd0b946"},"headline":"Arranca COMAPA con \u00e9xito instalaciones de brocales en la ciudad.\u00a0","datePublished":"2020-09-30T21:15:20+00:00","mainEntityOfPage":{"@id":"https:\/\/www.comapanuevolaredo.gob.mx\/sitio\/arranca-comapa-con-exito-instalaciones-de-brocales-en-la-ciudad\/"},"wordCount":359,"commentCount":0,"publisher":{"@id":"https:\/\/www.comapanuevolaredo.gob.mx\/sitio\/#organization"},"image":{"@id":"https:\/\/www.comapanuevolaredo.gob.mx\/sitio\/arranca-comapa-con-exito-instalaciones-de-brocales-en-la-ciudad\/#primaryimage"},"thumbnailUrl":"https:\/\/www.comapanuevolaredo.gob.mx\/sitio\/wp-content\/uploads\/2020\/09\/WhatsApp-Image-2020-09-30-at-3.52.35-PM.jpeg","articleSection":["Drenaje"],"inLanguage":"es","potentialAction":[{"@type":"CommentAction","name":"Comment","target":["https:\/\/www.comapanuevolaredo.gob.mx\/sitio\/arranca-comapa-con-exito-instalaciones-de-brocales-en-la-ciudad\/#respond"]}]},{"@type":"WebPage","@id":"https:\/\/www.comapanuevolaredo.gob.mx\/sitio\/arranca-comapa-con-exito-instalaciones-de-brocales-en-la-ciudad\/","url":"https:\/\/www.comapanuevolaredo.gob.mx\/sitio\/arranca-comapa-con-exito-instalaciones-de-brocales-en-la-ciudad\/","name":"Arranca COMAPA con \u00e9xito instalaciones de brocales en la ciudad.\u00a0 - Comapa Nuevo Laredo","isPartOf":{"@id":"https:\/\/www.comapanuevolaredo.gob.mx\/sitio\/#website"},"primaryImageOfPage":{"@id":"https:\/\/www.comapanuevolaredo.gob.mx\/sitio\/arranca-comapa-con-exito-instalaciones-de-brocales-en-la-ciudad\/#primaryimage"},"image":{"@id":"https:\/\/www.comapanuevolaredo.gob.mx\/sitio\/arranca-comapa-con-exito-instalaciones-de-brocales-en-la-ciudad\/#primaryimage"},"thumbnailUrl":"https:\/\/www.comapanuevolaredo.gob.mx\/sitio\/wp-content\/uploads\/2020\/09\/WhatsApp-Image-2020-09-30-at-3.52.35-PM.jpeg","datePublished":"2020-09-30T21:15:20+00:00","breadcrumb":{"@id":"https:\/\/www.comapanuevolaredo.gob.mx\/sitio\/arranca-comapa-con-exito-instalaciones-de-brocales-en-la-ciudad\/#breadcrumb"},"inLanguage":"es","potentialAction":[{"@type":"ReadAction","target":["https:\/\/www.comapanuevolaredo.gob.mx\/sitio\/arranca-comapa-con-exito-instalaciones-de-brocales-en-la-ciudad\/"]}]},{"@type":"ImageObject","inLanguage":"es","@id":"https:\/\/www.comapanuevolaredo.gob.mx\/sitio\/arranca-comapa-con-exito-instalaciones-de-brocales-en-la-ciudad\/#primaryimage","url":"https:\/\/www.comapanuevolaredo.gob.mx\/sitio\/wp-content\/uploads\/2020\/09\/WhatsApp-Image-2020-09-30-at-3.52.35-PM.jpeg","contentUrl":"https:\/\/www.comapanuevolaredo.gob.mx\/sitio\/wp-content\/uploads\/2020\/09\/WhatsApp-Image-2020-09-30-at-3.52.35-PM.jpeg","width":1280,"height":548},{"@type":"BreadcrumbList","@id":"https:\/\/www.comapanuevolaredo.gob.mx\/sitio\/arranca-comapa-con-exito-instalaciones-de-brocales-en-la-ciudad\/#breadcrumb","itemListElement":[{"@type":"ListItem","position":1,"name":"Home","item":"https:\/\/www.comapanuevolaredo.gob.mx\/sitio\/"},{"@type":"ListItem","position":2,"name":"Arranca COMAPA con \u00e9xito instalaciones de brocales en la ciudad.\u00a0"}]},{"@type":"WebSite","@id":"https:\/\/www.comapanuevolaredo.gob.mx\/sitio\/#website","url":"https:\/\/www.comapanuevolaredo.gob.mx\/sitio\/","name":"Comapa Nuevo Laredo","description":"Servicio y distribuci\u00f3n de agua potable y drenaje, planta potabilizadora en NLD, a orillas del R\u00edo Bravo, en la Frontera Norte de Tamaulipas, M\u00e9xico","publisher":{"@id":"https:\/\/www.comapanuevolaredo.gob.mx\/sitio\/#organization"},"potentialAction":[{"@type":"SearchAction","target":{"@type":"EntryPoint","urlTemplate":"https:\/\/www.comapanuevolaredo.gob.mx\/sitio\/?s={search_term_string}"},"query-input":{"@type":"PropertyValueSpecification","valueRequired":true,"valueName":"search_term_string"}}],"inLanguage":"es"},{"@type":"Organization","@id":"https:\/\/www.comapanuevolaredo.gob.mx\/sitio\/#organization","name":"Comapa Nuevo Laredo","url":"https:\/\/www.comapanuevolaredo.gob.mx\/sitio\/","logo":{"@type":"ImageObject","inLanguage":"es","@id":"https:\/\/www.comapanuevolaredo.gob.mx\/sitio\/#\/schema\/logo\/image\/","url":"https:\/\/www.comapanuevolaredo.gob.mx\/sitio\/wp-content\/uploads\/2025\/02\/cropped-512.jpg","contentUrl":"https:\/\/www.comapanuevolaredo.gob.mx\/sitio\/wp-content\/uploads\/2025\/02\/cropped-512.jpg","width":512,"height":512,"caption":"Comapa Nuevo Laredo"},"image":{"@id":"https:\/\/www.comapanuevolaredo.gob.mx\/sitio\/#\/schema\/logo\/image\/"},"sameAs":["https:\/\/www.facebook.com\/comapa.nuevolaredo\/","https:\/\/x.com\/ComapaNvoLaredo","https:\/\/www.instagram.com\/comapanld\/"]},{"@type":"Person","@id":"https:\/\/www.comapanuevolaredo.gob.mx\/sitio\/#\/schema\/person\/ae787822493d496cf945760f0fd0b946","name":"Maria Lopez","image":{"@type":"ImageObject","inLanguage":"es","@id":"https:\/\/secure.gravatar.com\/avatar\/7ac2587dd5cd349dd672fa36db82c350044bd4bb0fb2e657e62cee6743365d9b?s=96&d=mm&r=g","url":"https:\/\/secure.gravatar.com\/avatar\/7ac2587dd5cd349dd672fa36db82c350044bd4bb0fb2e657e62cee6743365d9b?s=96&d=mm&r=g","contentUrl":"https:\/\/secure.gravatar.com\/avatar\/7ac2587dd5cd349dd672fa36db82c350044bd4bb0fb2e657e62cee6743365d9b?s=96&d=mm&r=g","caption":"Maria Lopez"},"sameAs":["http:\/\/www.comapanuevolaredo.gob.mx"]}]}},"_links":{"self":[{"href":"https:\/\/www.comapanuevolaredo.gob.mx\/sitio\/wp-json\/wp\/v2\/posts\/9354","targetHints":{"allow":["GET"]}}],"collection":[{"href":"https:\/\/www.comapanuevolaredo.gob.mx\/sitio\/wp-json\/wp\/v2\/posts"}],"about":[{"href":"https:\/\/www.comapanuevolaredo.gob.mx\/sitio\/wp-json\/wp\/v2\/types\/post"}],"author":[{"embeddable":true,"href":"https:\/\/www.comapanuevolaredo.gob.mx\/sitio\/wp-json\/wp\/v2\/users\/5"}],"replies":[{"embeddable":true,"href":"https:\/\/www.comapanuevolaredo.gob.mx\/sitio\/wp-json\/wp\/v2\/comments?post=9354"}],"version-history":[{"count":1,"href":"https:\/\/www.comapanuevolaredo.gob.mx\/sitio\/wp-json\/wp\/v2\/posts\/9354\/revisions"}],"predecessor-version":[{"id":9356,"href":"https:\/\/www.comapanuevolaredo.gob.mx\/sitio\/wp-json\/wp\/v2\/posts\/9354\/revisions\/9356"}],"wp:featuredmedia":[{"embeddable":true,"href":"https:\/\/www.comapanuevolaredo.gob.mx\/sitio\/wp-json\/wp\/v2\/media\/9355"}],"wp:attachment":[{"href":"https:\/\/www.comapanuevolaredo.gob.mx\/sitio\/wp-json\/wp\/v2\/media?parent=9354"}],"wp:term":[{"taxonomy":"category","embeddable":true,"href":"https:\/\/www.comapanuevolaredo.gob.mx\/sitio\/wp-json\/wp\/v2\/categories?post=9354"},{"taxonomy":"post_tag","embeddable":true,"href":"https:\/\/www.comapanuevolaredo.gob.mx\/sitio\/wp-json\/wp\/v2\/tags?post=9354"}],"curies":[{"name":"wp","href":"https:\/\/api.w.org\/{rel}","templated":true}]}}