{"id":6751,"date":"2019-06-24T13:58:47","date_gmt":"2019-06-24T19:58:47","guid":{"rendered":"https:\/\/www.comapanuevolaredo.gob.mx\/sitio\/?p=6751"},"modified":"2019-06-24T14:07:18","modified_gmt":"2019-06-24T20:07:18","slug":"comapa-y-catolicos-suman-esfuerzo-para-fomentar-el-cuidado-del-agua","status":"publish","type":"post","link":"https:\/\/www.comapanuevolaredo.gob.mx\/sitio\/comapa-y-catolicos-suman-esfuerzo-para-fomentar-el-cuidado-del-agua\/","title":{"rendered":"Comapa y cat\u00f3licos suman esfuerzo\u00a0para fomentar el cuidado del agua"},"content":{"rendered":"<p>En una suma de esfuerzos por incentivar entre la ciudadan\u00eda el cuidado al medio ambiente y el agua, inicia campa\u00f1a de concientizaci\u00f3n por parte de la Comisi\u00f3n Municipal de Agua Potable y Alcantarillado &#8211; COMAPA- y la Di\u00f3cesis de Nuevo Laredo.<\/p>\n<p>Personal de Cultura del Agua, visitar\u00e1 en septiembre con material educativo, a ni\u00f1os de las 42 iglesias existentes en la ciudad que est\u00e9n tomando clases de catecismo, para fomentar entre ellos el cuidado del agua.<\/p>\n<p>A la fecha, Comapa emprendi\u00f3 una campa\u00f1a que ha denominado \u201cTe la acabas, ci\u00e9rrale\u201d.<\/p>\n<p>El gerente general del organismo operador, Rodolfo Gonz\u00e1lez Morales, consider\u00f3 muy positivo que la iglesia se haya sumado en esta tarea de difundir la protecci\u00f3n del medio ambiente y principalmente del cuidado y uso adecuado del l\u00edquido.<\/p>\n<p>Por su parte el Obispo Enrique S\u00e1nchez Mart\u00ednez,\u00a0 hizo referencia a esta campa\u00f1a que de la mano de la COMAPA, se busca llevar el mensaje que el Papa Francisco mand\u00f3 al pueblo cat\u00f3lico sobre la importancia del cuidado del agua.<\/p>\n<p>\u201cEs importante que como iglesia reflexionemos sobre el da\u00f1o que le hemos hecho al medio ambiente; es el momento de trabajar para evitar que el agua se vuelva un elemento escaso de la humanidad, por ello estaremos trabajando con la COMAPA para crear conciencia sobre el cuidado del vital l\u00edquido\u201d, indic\u00f3.<\/p>\n<p>&nbsp;<\/p>\n","protected":false},"excerpt":{"rendered":"<p>En una suma de esfuerzos por incentivar entre la ciudadan\u00eda el cuidado al medio ambiente y el agua, inicia campa\u00f1a de concientizaci\u00f3n por parte de la Comisi\u00f3n Municipal de Agua Potable y Alcantarillado &#8211; COMAPA- y la Di\u00f3cesis de Nuevo Laredo. Personal de Cultura del Agua, visitar\u00e1 en septiembre con material educativo, a ni\u00f1os de [&hellip;]<\/p>\n","protected":false},"author":6,"featured_media":6752,"comment_status":"open","ping_status":"closed","sticky":false,"template":"","format":"standard","meta":{"footnotes":""},"categories":[18],"tags":[],"class_list":["post-6751","post","type-post","status-publish","format-standard","has-post-thumbnail","hentry","category-cultura-del-agua"],"yoast_head":"<!-- This site is optimized with the Yoast SEO plugin v27.3 - https:\/\/yoast.com\/product\/yoast-seo-wordpress\/ -->\r\n<title>Comapa y cat\u00f3licos suman esfuerzo\u00a0para fomentar el cuidado del agua - Comapa Nuevo Laredo<\/title>\r\n<meta name=\"robots\" content=\"index, follow, max-snippet:-1, max-image-preview:large, max-video-preview:-1\" \/>\r\n<link rel=\"canonical\" href=\"https:\/\/www.comapanuevolaredo.gob.mx\/sitio\/comapa-y-catolicos-suman-esfuerzo-para-fomentar-el-cuidado-del-agua\/\" \/>\r\n<meta property=\"og:locale\" content=\"es_ES\" \/>\r\n<meta property=\"og:type\" content=\"article\" \/>\r\n<meta property=\"og:title\" content=\"Comapa y cat\u00f3licos suman esfuerzo\u00a0para fomentar el cuidado del agua - Comapa Nuevo Laredo\" \/>\r\n<meta property=\"og:description\" content=\"En una suma de esfuerzos por incentivar entre la ciudadan\u00eda el cuidado al medio ambiente y el agua, inicia campa\u00f1a de concientizaci\u00f3n por parte de la Comisi\u00f3n Municipal de Agua Potable y Alcantarillado &#8211; COMAPA- y la Di\u00f3cesis de Nuevo Laredo. Personal de Cultura del Agua, visitar\u00e1 en septiembre con material educativo, a ni\u00f1os de [&hellip;]\" \/>\r\n<meta property=\"og:url\" content=\"https:\/\/www.comapanuevolaredo.gob.mx\/sitio\/comapa-y-catolicos-suman-esfuerzo-para-fomentar-el-cuidado-del-agua\/\" \/>\r\n<meta property=\"og:site_name\" content=\"Comapa Nuevo Laredo\" \/>\r\n<meta property=\"article:publisher\" content=\"https:\/\/www.facebook.com\/comapa.nuevolaredo\/\" \/>\r\n<meta property=\"article:published_time\" content=\"2019-06-24T19:58:47+00:00\" \/>\r\n<meta property=\"article:modified_time\" content=\"2019-06-24T20:07:18+00:00\" \/>\r\n<meta property=\"og:image\" content=\"https:\/\/www.comapanuevolaredo.gob.mx\/sitio\/wp-content\/uploads\/2019\/06\/web492.jpg\" \/>\r\n\t<meta property=\"og:image:width\" content=\"1280\" \/>\r\n\t<meta property=\"og:image:height\" content=\"548\" \/>\r\n\t<meta property=\"og:image:type\" content=\"image\/jpeg\" \/>\r\n<meta name=\"author\" content=\"Cyndi Ramirez\" \/>\r\n<meta name=\"twitter:card\" content=\"summary_large_image\" \/>\r\n<meta name=\"twitter:creator\" content=\"@ComapaNvoLaredo\" \/>\r\n<meta name=\"twitter:site\" content=\"@ComapaNvoLaredo\" \/>\r\n<meta name=\"twitter:label1\" content=\"Escrito por\" \/>\n\t<meta name=\"twitter:data1\" content=\"Cyndi Ramirez\" \/>\n\t<meta name=\"twitter:label2\" content=\"Tiempo de lectura\" \/>\n\t<meta name=\"twitter:data2\" content=\"1 minuto\" \/>\r\n<script type=\"application\/ld+json\" class=\"yoast-schema-graph\">{\"@context\":\"https:\\\/\\\/schema.org\",\"@graph\":[{\"@type\":\"Article\",\"@id\":\"https:\\\/\\\/www.comapanuevolaredo.gob.mx\\\/sitio\\\/comapa-y-catolicos-suman-esfuerzo-para-fomentar-el-cuidado-del-agua\\\/#article\",\"isPartOf\":{\"@id\":\"https:\\\/\\\/www.comapanuevolaredo.gob.mx\\\/sitio\\\/comapa-y-catolicos-suman-esfuerzo-para-fomentar-el-cuidado-del-agua\\\/\"},\"author\":{\"name\":\"Cyndi Ramirez\",\"@id\":\"https:\\\/\\\/www.comapanuevolaredo.gob.mx\\\/sitio\\\/#\\\/schema\\\/person\\\/9e85eb4ab4ba6580b28c7431a440d821\"},\"headline\":\"Comapa y cat\u00f3licos suman esfuerzo\u00a0para fomentar el cuidado del agua\",\"datePublished\":\"2019-06-24T19:58:47+00:00\",\"dateModified\":\"2019-06-24T20:07:18+00:00\",\"mainEntityOfPage\":{\"@id\":\"https:\\\/\\\/www.comapanuevolaredo.gob.mx\\\/sitio\\\/comapa-y-catolicos-suman-esfuerzo-para-fomentar-el-cuidado-del-agua\\\/\"},\"wordCount\":248,\"commentCount\":0,\"publisher\":{\"@id\":\"https:\\\/\\\/www.comapanuevolaredo.gob.mx\\\/sitio\\\/#organization\"},\"image\":{\"@id\":\"https:\\\/\\\/www.comapanuevolaredo.gob.mx\\\/sitio\\\/comapa-y-catolicos-suman-esfuerzo-para-fomentar-el-cuidado-del-agua\\\/#primaryimage\"},\"thumbnailUrl\":\"https:\\\/\\\/www.comapanuevolaredo.gob.mx\\\/sitio\\\/wp-content\\\/uploads\\\/2019\\\/06\\\/web492.jpg\",\"articleSection\":[\"Cultura del Agua\"],\"inLanguage\":\"es\",\"potentialAction\":[{\"@type\":\"CommentAction\",\"name\":\"Comment\",\"target\":[\"https:\\\/\\\/www.comapanuevolaredo.gob.mx\\\/sitio\\\/comapa-y-catolicos-suman-esfuerzo-para-fomentar-el-cuidado-del-agua\\\/#respond\"]}]},{\"@type\":\"WebPage\",\"@id\":\"https:\\\/\\\/www.comapanuevolaredo.gob.mx\\\/sitio\\\/comapa-y-catolicos-suman-esfuerzo-para-fomentar-el-cuidado-del-agua\\\/\",\"url\":\"https:\\\/\\\/www.comapanuevolaredo.gob.mx\\\/sitio\\\/comapa-y-catolicos-suman-esfuerzo-para-fomentar-el-cuidado-del-agua\\\/\",\"name\":\"Comapa y cat\u00f3licos suman esfuerzo\u00a0para fomentar el cuidado del agua - Comapa Nuevo Laredo\",\"isPartOf\":{\"@id\":\"https:\\\/\\\/www.comapanuevolaredo.gob.mx\\\/sitio\\\/#website\"},\"primaryImageOfPage\":{\"@id\":\"https:\\\/\\\/www.comapanuevolaredo.gob.mx\\\/sitio\\\/comapa-y-catolicos-suman-esfuerzo-para-fomentar-el-cuidado-del-agua\\\/#primaryimage\"},\"image\":{\"@id\":\"https:\\\/\\\/www.comapanuevolaredo.gob.mx\\\/sitio\\\/comapa-y-catolicos-suman-esfuerzo-para-fomentar-el-cuidado-del-agua\\\/#primaryimage\"},\"thumbnailUrl\":\"https:\\\/\\\/www.comapanuevolaredo.gob.mx\\\/sitio\\\/wp-content\\\/uploads\\\/2019\\\/06\\\/web492.jpg\",\"datePublished\":\"2019-06-24T19:58:47+00:00\",\"dateModified\":\"2019-06-24T20:07:18+00:00\",\"breadcrumb\":{\"@id\":\"https:\\\/\\\/www.comapanuevolaredo.gob.mx\\\/sitio\\\/comapa-y-catolicos-suman-esfuerzo-para-fomentar-el-cuidado-del-agua\\\/#breadcrumb\"},\"inLanguage\":\"es\",\"potentialAction\":[{\"@type\":\"ReadAction\",\"target\":[\"https:\\\/\\\/www.comapanuevolaredo.gob.mx\\\/sitio\\\/comapa-y-catolicos-suman-esfuerzo-para-fomentar-el-cuidado-del-agua\\\/\"]}]},{\"@type\":\"ImageObject\",\"inLanguage\":\"es\",\"@id\":\"https:\\\/\\\/www.comapanuevolaredo.gob.mx\\\/sitio\\\/comapa-y-catolicos-suman-esfuerzo-para-fomentar-el-cuidado-del-agua\\\/#primaryimage\",\"url\":\"https:\\\/\\\/www.comapanuevolaredo.gob.mx\\\/sitio\\\/wp-content\\\/uploads\\\/2019\\\/06\\\/web492.jpg\",\"contentUrl\":\"https:\\\/\\\/www.comapanuevolaredo.gob.mx\\\/sitio\\\/wp-content\\\/uploads\\\/2019\\\/06\\\/web492.jpg\",\"width\":1280,\"height\":548},{\"@type\":\"BreadcrumbList\",\"@id\":\"https:\\\/\\\/www.comapanuevolaredo.gob.mx\\\/sitio\\\/comapa-y-catolicos-suman-esfuerzo-para-fomentar-el-cuidado-del-agua\\\/#breadcrumb\",\"itemListElement\":[{\"@type\":\"ListItem\",\"position\":1,\"name\":\"Home\",\"item\":\"https:\\\/\\\/www.comapanuevolaredo.gob.mx\\\/sitio\\\/\"},{\"@type\":\"ListItem\",\"position\":2,\"name\":\"Comapa y cat\u00f3licos suman esfuerzo\u00a0para fomentar el cuidado del agua\"}]},{\"@type\":\"WebSite\",\"@id\":\"https:\\\/\\\/www.comapanuevolaredo.gob.mx\\\/sitio\\\/#website\",\"url\":\"https:\\\/\\\/www.comapanuevolaredo.gob.mx\\\/sitio\\\/\",\"name\":\"Comapa Nuevo Laredo\",\"description\":\"Servicio y distribuci\u00f3n de agua potable y drenaje, planta potabilizadora en NLD, a orillas del R\u00edo Bravo, en la Frontera Norte de Tamaulipas, M\u00e9xico\",\"publisher\":{\"@id\":\"https:\\\/\\\/www.comapanuevolaredo.gob.mx\\\/sitio\\\/#organization\"},\"potentialAction\":[{\"@type\":\"SearchAction\",\"target\":{\"@type\":\"EntryPoint\",\"urlTemplate\":\"https:\\\/\\\/www.comapanuevolaredo.gob.mx\\\/sitio\\\/?s={search_term_string}\"},\"query-input\":{\"@type\":\"PropertyValueSpecification\",\"valueRequired\":true,\"valueName\":\"search_term_string\"}}],\"inLanguage\":\"es\"},{\"@type\":\"Organization\",\"@id\":\"https:\\\/\\\/www.comapanuevolaredo.gob.mx\\\/sitio\\\/#organization\",\"name\":\"Comapa Nuevo Laredo\",\"url\":\"https:\\\/\\\/www.comapanuevolaredo.gob.mx\\\/sitio\\\/\",\"logo\":{\"@type\":\"ImageObject\",\"inLanguage\":\"es\",\"@id\":\"https:\\\/\\\/www.comapanuevolaredo.gob.mx\\\/sitio\\\/#\\\/schema\\\/logo\\\/image\\\/\",\"url\":\"https:\\\/\\\/www.comapanuevolaredo.gob.mx\\\/sitio\\\/wp-content\\\/uploads\\\/2025\\\/02\\\/cropped-512.jpg\",\"contentUrl\":\"https:\\\/\\\/www.comapanuevolaredo.gob.mx\\\/sitio\\\/wp-content\\\/uploads\\\/2025\\\/02\\\/cropped-512.jpg\",\"width\":512,\"height\":512,\"caption\":\"Comapa Nuevo Laredo\"},\"image\":{\"@id\":\"https:\\\/\\\/www.comapanuevolaredo.gob.mx\\\/sitio\\\/#\\\/schema\\\/logo\\\/image\\\/\"},\"sameAs\":[\"https:\\\/\\\/www.facebook.com\\\/comapa.nuevolaredo\\\/\",\"https:\\\/\\\/x.com\\\/ComapaNvoLaredo\",\"https:\\\/\\\/www.instagram.com\\\/comapanld\\\/\"]},{\"@type\":\"Person\",\"@id\":\"https:\\\/\\\/www.comapanuevolaredo.gob.mx\\\/sitio\\\/#\\\/schema\\\/person\\\/9e85eb4ab4ba6580b28c7431a440d821\",\"name\":\"Cyndi Ramirez\",\"image\":{\"@type\":\"ImageObject\",\"inLanguage\":\"es\",\"@id\":\"https:\\\/\\\/secure.gravatar.com\\\/avatar\\\/b4b02d7b72ab4a27c426f3fb8c89cc65826174909295f679ff76db95364294e4?s=96&d=mm&r=g\",\"url\":\"https:\\\/\\\/secure.gravatar.com\\\/avatar\\\/b4b02d7b72ab4a27c426f3fb8c89cc65826174909295f679ff76db95364294e4?s=96&d=mm&r=g\",\"contentUrl\":\"https:\\\/\\\/secure.gravatar.com\\\/avatar\\\/b4b02d7b72ab4a27c426f3fb8c89cc65826174909295f679ff76db95364294e4?s=96&d=mm&r=g\",\"caption\":\"Cyndi Ramirez\"}}]}<\/script>\r\n<!-- \/ Yoast SEO plugin. -->","yoast_head_json":{"title":"Comapa y cat\u00f3licos suman esfuerzo\u00a0para fomentar el cuidado del agua - Comapa Nuevo Laredo","robots":{"index":"index","follow":"follow","max-snippet":"max-snippet:-1","max-image-preview":"max-image-preview:large","max-video-preview":"max-video-preview:-1"},"canonical":"https:\/\/www.comapanuevolaredo.gob.mx\/sitio\/comapa-y-catolicos-suman-esfuerzo-para-fomentar-el-cuidado-del-agua\/","og_locale":"es_ES","og_type":"article","og_title":"Comapa y cat\u00f3licos suman esfuerzo\u00a0para fomentar el cuidado del agua - Comapa Nuevo Laredo","og_description":"En una suma de esfuerzos por incentivar entre la ciudadan\u00eda el cuidado al medio ambiente y el agua, inicia campa\u00f1a de concientizaci\u00f3n por parte de la Comisi\u00f3n Municipal de Agua Potable y Alcantarillado &#8211; COMAPA- y la Di\u00f3cesis de Nuevo Laredo. Personal de Cultura del Agua, visitar\u00e1 en septiembre con material educativo, a ni\u00f1os de [&hellip;]","og_url":"https:\/\/www.comapanuevolaredo.gob.mx\/sitio\/comapa-y-catolicos-suman-esfuerzo-para-fomentar-el-cuidado-del-agua\/","og_site_name":"Comapa Nuevo Laredo","article_publisher":"https:\/\/www.facebook.com\/comapa.nuevolaredo\/","article_published_time":"2019-06-24T19:58:47+00:00","article_modified_time":"2019-06-24T20:07:18+00:00","og_image":[{"width":1280,"height":548,"url":"https:\/\/www.comapanuevolaredo.gob.mx\/sitio\/wp-content\/uploads\/2019\/06\/web492.jpg","type":"image\/jpeg"}],"author":"Cyndi Ramirez","twitter_card":"summary_large_image","twitter_creator":"@ComapaNvoLaredo","twitter_site":"@ComapaNvoLaredo","twitter_misc":{"Escrito por":"Cyndi Ramirez","Tiempo de lectura":"1 minuto"},"schema":{"@context":"https:\/\/schema.org","@graph":[{"@type":"Article","@id":"https:\/\/www.comapanuevolaredo.gob.mx\/sitio\/comapa-y-catolicos-suman-esfuerzo-para-fomentar-el-cuidado-del-agua\/#article","isPartOf":{"@id":"https:\/\/www.comapanuevolaredo.gob.mx\/sitio\/comapa-y-catolicos-suman-esfuerzo-para-fomentar-el-cuidado-del-agua\/"},"author":{"name":"Cyndi Ramirez","@id":"https:\/\/www.comapanuevolaredo.gob.mx\/sitio\/#\/schema\/person\/9e85eb4ab4ba6580b28c7431a440d821"},"headline":"Comapa y cat\u00f3licos suman esfuerzo\u00a0para fomentar el cuidado del agua","datePublished":"2019-06-24T19:58:47+00:00","dateModified":"2019-06-24T20:07:18+00:00","mainEntityOfPage":{"@id":"https:\/\/www.comapanuevolaredo.gob.mx\/sitio\/comapa-y-catolicos-suman-esfuerzo-para-fomentar-el-cuidado-del-agua\/"},"wordCount":248,"commentCount":0,"publisher":{"@id":"https:\/\/www.comapanuevolaredo.gob.mx\/sitio\/#organization"},"image":{"@id":"https:\/\/www.comapanuevolaredo.gob.mx\/sitio\/comapa-y-catolicos-suman-esfuerzo-para-fomentar-el-cuidado-del-agua\/#primaryimage"},"thumbnailUrl":"https:\/\/www.comapanuevolaredo.gob.mx\/sitio\/wp-content\/uploads\/2019\/06\/web492.jpg","articleSection":["Cultura del Agua"],"inLanguage":"es","potentialAction":[{"@type":"CommentAction","name":"Comment","target":["https:\/\/www.comapanuevolaredo.gob.mx\/sitio\/comapa-y-catolicos-suman-esfuerzo-para-fomentar-el-cuidado-del-agua\/#respond"]}]},{"@type":"WebPage","@id":"https:\/\/www.comapanuevolaredo.gob.mx\/sitio\/comapa-y-catolicos-suman-esfuerzo-para-fomentar-el-cuidado-del-agua\/","url":"https:\/\/www.comapanuevolaredo.gob.mx\/sitio\/comapa-y-catolicos-suman-esfuerzo-para-fomentar-el-cuidado-del-agua\/","name":"Comapa y cat\u00f3licos suman esfuerzo\u00a0para fomentar el cuidado del agua - Comapa Nuevo Laredo","isPartOf":{"@id":"https:\/\/www.comapanuevolaredo.gob.mx\/sitio\/#website"},"primaryImageOfPage":{"@id":"https:\/\/www.comapanuevolaredo.gob.mx\/sitio\/comapa-y-catolicos-suman-esfuerzo-para-fomentar-el-cuidado-del-agua\/#primaryimage"},"image":{"@id":"https:\/\/www.comapanuevolaredo.gob.mx\/sitio\/comapa-y-catolicos-suman-esfuerzo-para-fomentar-el-cuidado-del-agua\/#primaryimage"},"thumbnailUrl":"https:\/\/www.comapanuevolaredo.gob.mx\/sitio\/wp-content\/uploads\/2019\/06\/web492.jpg","datePublished":"2019-06-24T19:58:47+00:00","dateModified":"2019-06-24T20:07:18+00:00","breadcrumb":{"@id":"https:\/\/www.comapanuevolaredo.gob.mx\/sitio\/comapa-y-catolicos-suman-esfuerzo-para-fomentar-el-cuidado-del-agua\/#breadcrumb"},"inLanguage":"es","potentialAction":[{"@type":"ReadAction","target":["https:\/\/www.comapanuevolaredo.gob.mx\/sitio\/comapa-y-catolicos-suman-esfuerzo-para-fomentar-el-cuidado-del-agua\/"]}]},{"@type":"ImageObject","inLanguage":"es","@id":"https:\/\/www.comapanuevolaredo.gob.mx\/sitio\/comapa-y-catolicos-suman-esfuerzo-para-fomentar-el-cuidado-del-agua\/#primaryimage","url":"https:\/\/www.comapanuevolaredo.gob.mx\/sitio\/wp-content\/uploads\/2019\/06\/web492.jpg","contentUrl":"https:\/\/www.comapanuevolaredo.gob.mx\/sitio\/wp-content\/uploads\/2019\/06\/web492.jpg","width":1280,"height":548},{"@type":"BreadcrumbList","@id":"https:\/\/www.comapanuevolaredo.gob.mx\/sitio\/comapa-y-catolicos-suman-esfuerzo-para-fomentar-el-cuidado-del-agua\/#breadcrumb","itemListElement":[{"@type":"ListItem","position":1,"name":"Home","item":"https:\/\/www.comapanuevolaredo.gob.mx\/sitio\/"},{"@type":"ListItem","position":2,"name":"Comapa y cat\u00f3licos suman esfuerzo\u00a0para fomentar el cuidado del agua"}]},{"@type":"WebSite","@id":"https:\/\/www.comapanuevolaredo.gob.mx\/sitio\/#website","url":"https:\/\/www.comapanuevolaredo.gob.mx\/sitio\/","name":"Comapa Nuevo Laredo","description":"Servicio y distribuci\u00f3n de agua potable y drenaje, planta potabilizadora en NLD, a orillas del R\u00edo Bravo, en la Frontera Norte de Tamaulipas, M\u00e9xico","publisher":{"@id":"https:\/\/www.comapanuevolaredo.gob.mx\/sitio\/#organization"},"potentialAction":[{"@type":"SearchAction","target":{"@type":"EntryPoint","urlTemplate":"https:\/\/www.comapanuevolaredo.gob.mx\/sitio\/?s={search_term_string}"},"query-input":{"@type":"PropertyValueSpecification","valueRequired":true,"valueName":"search_term_string"}}],"inLanguage":"es"},{"@type":"Organization","@id":"https:\/\/www.comapanuevolaredo.gob.mx\/sitio\/#organization","name":"Comapa Nuevo Laredo","url":"https:\/\/www.comapanuevolaredo.gob.mx\/sitio\/","logo":{"@type":"ImageObject","inLanguage":"es","@id":"https:\/\/www.comapanuevolaredo.gob.mx\/sitio\/#\/schema\/logo\/image\/","url":"https:\/\/www.comapanuevolaredo.gob.mx\/sitio\/wp-content\/uploads\/2025\/02\/cropped-512.jpg","contentUrl":"https:\/\/www.comapanuevolaredo.gob.mx\/sitio\/wp-content\/uploads\/2025\/02\/cropped-512.jpg","width":512,"height":512,"caption":"Comapa Nuevo Laredo"},"image":{"@id":"https:\/\/www.comapanuevolaredo.gob.mx\/sitio\/#\/schema\/logo\/image\/"},"sameAs":["https:\/\/www.facebook.com\/comapa.nuevolaredo\/","https:\/\/x.com\/ComapaNvoLaredo","https:\/\/www.instagram.com\/comapanld\/"]},{"@type":"Person","@id":"https:\/\/www.comapanuevolaredo.gob.mx\/sitio\/#\/schema\/person\/9e85eb4ab4ba6580b28c7431a440d821","name":"Cyndi Ramirez","image":{"@type":"ImageObject","inLanguage":"es","@id":"https:\/\/secure.gravatar.com\/avatar\/b4b02d7b72ab4a27c426f3fb8c89cc65826174909295f679ff76db95364294e4?s=96&d=mm&r=g","url":"https:\/\/secure.gravatar.com\/avatar\/b4b02d7b72ab4a27c426f3fb8c89cc65826174909295f679ff76db95364294e4?s=96&d=mm&r=g","contentUrl":"https:\/\/secure.gravatar.com\/avatar\/b4b02d7b72ab4a27c426f3fb8c89cc65826174909295f679ff76db95364294e4?s=96&d=mm&r=g","caption":"Cyndi Ramirez"}}]}},"_links":{"self":[{"href":"https:\/\/www.comapanuevolaredo.gob.mx\/sitio\/wp-json\/wp\/v2\/posts\/6751","targetHints":{"allow":["GET"]}}],"collection":[{"href":"https:\/\/www.comapanuevolaredo.gob.mx\/sitio\/wp-json\/wp\/v2\/posts"}],"about":[{"href":"https:\/\/www.comapanuevolaredo.gob.mx\/sitio\/wp-json\/wp\/v2\/types\/post"}],"author":[{"embeddable":true,"href":"https:\/\/www.comapanuevolaredo.gob.mx\/sitio\/wp-json\/wp\/v2\/users\/6"}],"replies":[{"embeddable":true,"href":"https:\/\/www.comapanuevolaredo.gob.mx\/sitio\/wp-json\/wp\/v2\/comments?post=6751"}],"version-history":[{"count":2,"href":"https:\/\/www.comapanuevolaredo.gob.mx\/sitio\/wp-json\/wp\/v2\/posts\/6751\/revisions"}],"predecessor-version":[{"id":6754,"href":"https:\/\/www.comapanuevolaredo.gob.mx\/sitio\/wp-json\/wp\/v2\/posts\/6751\/revisions\/6754"}],"wp:featuredmedia":[{"embeddable":true,"href":"https:\/\/www.comapanuevolaredo.gob.mx\/sitio\/wp-json\/wp\/v2\/media\/6752"}],"wp:attachment":[{"href":"https:\/\/www.comapanuevolaredo.gob.mx\/sitio\/wp-json\/wp\/v2\/media?parent=6751"}],"wp:term":[{"taxonomy":"category","embeddable":true,"href":"https:\/\/www.comapanuevolaredo.gob.mx\/sitio\/wp-json\/wp\/v2\/categories?post=6751"},{"taxonomy":"post_tag","embeddable":true,"href":"https:\/\/www.comapanuevolaredo.gob.mx\/sitio\/wp-json\/wp\/v2\/tags?post=6751"}],"curies":[{"name":"wp","href":"https:\/\/api.w.org\/{rel}","templated":true}]}}