{"id":6687,"date":"2019-06-20T14:14:18","date_gmt":"2019-06-20T20:14:18","guid":{"rendered":"https:\/\/www.comapanuevolaredo.gob.mx\/sitio\/?p=6687"},"modified":"2019-06-20T14:23:05","modified_gmt":"2019-06-20T20:23:05","slug":"importante-vigilar-consumo-de-agua-en-dias-calurosos","status":"publish","type":"post","link":"https:\/\/www.comapanuevolaredo.gob.mx\/sitio\/importante-vigilar-consumo-de-agua-en-dias-calurosos\/","title":{"rendered":"Importante vigilar consumo de agua en d\u00edas calurosos"},"content":{"rendered":"<p>Debido al incremento en el consumo de agua potable durante la temporada de altas temperaturas, la Comisi\u00f3n Municipal de Agua Potable y Alcantarillado -COMAPA- exhorta a utilizar el agua de manera racional y eficiente, para que toda la ciudad pueda ser abastecida y evitar a la vez un gasto innecesario.<\/p>\n<p>Rodolfo Gonz\u00e1lez Morales, gerente general de COMAPA, indic\u00f3 que en promedio el neolaredense consume durante el verano 450 litros de agua al d\u00eda, la cual podr\u00eda ser mucho menor si se tomaran medidas preventivas.<\/p>\n<p>\u201cRegularmente el ciudadano s\u00f3lo utiliza 250 litros de agua para su consumo y otras actividades; ya durante el verano este aumenta debido a las duchas constantes, llenado de albercas en sus domicilios y lavado de banquetas, lo cual no es lo correcto y adem\u00e1s de que repercute en el bolsillo del consumidor \u201d, se\u00f1al\u00f3.<\/p>\n<p>Algunas partes altas de la ciudad pueden resultar afectadas por baja presi\u00f3n.<\/p>\n<p>Es muy importante verificar que no haya fugas en llaves y sanitario, ya que el 60 por ciento del consumo de agua en una casa habitaci\u00f3n se da en los ba\u00f1os.<\/p>\n<p>Lo recomendable es regar las plantas durante las ma\u00f1anas y noches, que es cuando m\u00e1s lo aprovechan, ya que por la tarde esta se evapora, reutilizar el agua de la regadera y de las albercas para el lavado de coche y banquetas.<\/p>\n","protected":false},"excerpt":{"rendered":"<p>Debido al incremento en el consumo de agua potable durante la temporada de altas temperaturas, la Comisi\u00f3n Municipal de Agua Potable y Alcantarillado -COMAPA- exhorta a utilizar el agua de manera racional y eficiente, para que toda la ciudad pueda ser abastecida y evitar a la vez un gasto innecesario. Rodolfo Gonz\u00e1lez Morales, gerente general [&hellip;]<\/p>\n","protected":false},"author":6,"featured_media":6688,"comment_status":"open","ping_status":"closed","sticky":false,"template":"","format":"standard","meta":{"footnotes":""},"categories":[18],"tags":[],"class_list":["post-6687","post","type-post","status-publish","format-standard","has-post-thumbnail","hentry","category-cultura-del-agua"],"yoast_head":"<!-- This site is optimized with the Yoast SEO plugin v27.3 - https:\/\/yoast.com\/product\/yoast-seo-wordpress\/ -->\r\n<title>Importante vigilar consumo de agua en d\u00edas calurosos - Comapa Nuevo Laredo<\/title>\r\n<meta name=\"robots\" content=\"index, follow, max-snippet:-1, max-image-preview:large, max-video-preview:-1\" \/>\r\n<link rel=\"canonical\" href=\"https:\/\/www.comapanuevolaredo.gob.mx\/sitio\/importante-vigilar-consumo-de-agua-en-dias-calurosos\/\" \/>\r\n<meta property=\"og:locale\" content=\"es_ES\" \/>\r\n<meta property=\"og:type\" content=\"article\" \/>\r\n<meta property=\"og:title\" content=\"Importante vigilar consumo de agua en d\u00edas calurosos - Comapa Nuevo Laredo\" \/>\r\n<meta property=\"og:description\" content=\"Debido al incremento en el consumo de agua potable durante la temporada de altas temperaturas, la Comisi\u00f3n Municipal de Agua Potable y Alcantarillado -COMAPA- exhorta a utilizar el agua de manera racional y eficiente, para que toda la ciudad pueda ser abastecida y evitar a la vez un gasto innecesario. Rodolfo Gonz\u00e1lez Morales, gerente general [&hellip;]\" \/>\r\n<meta property=\"og:url\" content=\"https:\/\/www.comapanuevolaredo.gob.mx\/sitio\/importante-vigilar-consumo-de-agua-en-dias-calurosos\/\" \/>\r\n<meta property=\"og:site_name\" content=\"Comapa Nuevo Laredo\" \/>\r\n<meta property=\"article:publisher\" content=\"https:\/\/www.facebook.com\/comapa.nuevolaredo\/\" \/>\r\n<meta property=\"article:published_time\" content=\"2019-06-20T20:14:18+00:00\" \/>\r\n<meta property=\"article:modified_time\" content=\"2019-06-20T20:23:05+00:00\" \/>\r\n<meta property=\"og:image\" content=\"https:\/\/www.comapanuevolaredo.gob.mx\/sitio\/wp-content\/uploads\/2019\/06\/web490.jpg\" \/>\r\n\t<meta property=\"og:image:width\" content=\"1280\" \/>\r\n\t<meta property=\"og:image:height\" content=\"548\" \/>\r\n\t<meta property=\"og:image:type\" content=\"image\/jpeg\" \/>\r\n<meta name=\"author\" content=\"Cyndi Ramirez\" \/>\r\n<meta name=\"twitter:card\" content=\"summary_large_image\" \/>\r\n<meta name=\"twitter:creator\" content=\"@ComapaNvoLaredo\" \/>\r\n<meta name=\"twitter:site\" content=\"@ComapaNvoLaredo\" \/>\r\n<meta name=\"twitter:label1\" content=\"Escrito por\" \/>\n\t<meta name=\"twitter:data1\" content=\"Cyndi Ramirez\" \/>\n\t<meta name=\"twitter:label2\" content=\"Tiempo de lectura\" \/>\n\t<meta name=\"twitter:data2\" content=\"1 minuto\" \/>\r\n<script type=\"application\/ld+json\" class=\"yoast-schema-graph\">{\"@context\":\"https:\\\/\\\/schema.org\",\"@graph\":[{\"@type\":\"Article\",\"@id\":\"https:\\\/\\\/www.comapanuevolaredo.gob.mx\\\/sitio\\\/importante-vigilar-consumo-de-agua-en-dias-calurosos\\\/#article\",\"isPartOf\":{\"@id\":\"https:\\\/\\\/www.comapanuevolaredo.gob.mx\\\/sitio\\\/importante-vigilar-consumo-de-agua-en-dias-calurosos\\\/\"},\"author\":{\"name\":\"Cyndi Ramirez\",\"@id\":\"https:\\\/\\\/www.comapanuevolaredo.gob.mx\\\/sitio\\\/#\\\/schema\\\/person\\\/9e85eb4ab4ba6580b28c7431a440d821\"},\"headline\":\"Importante vigilar consumo de agua en d\u00edas calurosos\",\"datePublished\":\"2019-06-20T20:14:18+00:00\",\"dateModified\":\"2019-06-20T20:23:05+00:00\",\"mainEntityOfPage\":{\"@id\":\"https:\\\/\\\/www.comapanuevolaredo.gob.mx\\\/sitio\\\/importante-vigilar-consumo-de-agua-en-dias-calurosos\\\/\"},\"wordCount\":240,\"commentCount\":0,\"publisher\":{\"@id\":\"https:\\\/\\\/www.comapanuevolaredo.gob.mx\\\/sitio\\\/#organization\"},\"image\":{\"@id\":\"https:\\\/\\\/www.comapanuevolaredo.gob.mx\\\/sitio\\\/importante-vigilar-consumo-de-agua-en-dias-calurosos\\\/#primaryimage\"},\"thumbnailUrl\":\"https:\\\/\\\/www.comapanuevolaredo.gob.mx\\\/sitio\\\/wp-content\\\/uploads\\\/2019\\\/06\\\/web490.jpg\",\"articleSection\":[\"Cultura del Agua\"],\"inLanguage\":\"es\",\"potentialAction\":[{\"@type\":\"CommentAction\",\"name\":\"Comment\",\"target\":[\"https:\\\/\\\/www.comapanuevolaredo.gob.mx\\\/sitio\\\/importante-vigilar-consumo-de-agua-en-dias-calurosos\\\/#respond\"]}]},{\"@type\":\"WebPage\",\"@id\":\"https:\\\/\\\/www.comapanuevolaredo.gob.mx\\\/sitio\\\/importante-vigilar-consumo-de-agua-en-dias-calurosos\\\/\",\"url\":\"https:\\\/\\\/www.comapanuevolaredo.gob.mx\\\/sitio\\\/importante-vigilar-consumo-de-agua-en-dias-calurosos\\\/\",\"name\":\"Importante vigilar consumo de agua en d\u00edas calurosos - Comapa Nuevo Laredo\",\"isPartOf\":{\"@id\":\"https:\\\/\\\/www.comapanuevolaredo.gob.mx\\\/sitio\\\/#website\"},\"primaryImageOfPage\":{\"@id\":\"https:\\\/\\\/www.comapanuevolaredo.gob.mx\\\/sitio\\\/importante-vigilar-consumo-de-agua-en-dias-calurosos\\\/#primaryimage\"},\"image\":{\"@id\":\"https:\\\/\\\/www.comapanuevolaredo.gob.mx\\\/sitio\\\/importante-vigilar-consumo-de-agua-en-dias-calurosos\\\/#primaryimage\"},\"thumbnailUrl\":\"https:\\\/\\\/www.comapanuevolaredo.gob.mx\\\/sitio\\\/wp-content\\\/uploads\\\/2019\\\/06\\\/web490.jpg\",\"datePublished\":\"2019-06-20T20:14:18+00:00\",\"dateModified\":\"2019-06-20T20:23:05+00:00\",\"breadcrumb\":{\"@id\":\"https:\\\/\\\/www.comapanuevolaredo.gob.mx\\\/sitio\\\/importante-vigilar-consumo-de-agua-en-dias-calurosos\\\/#breadcrumb\"},\"inLanguage\":\"es\",\"potentialAction\":[{\"@type\":\"ReadAction\",\"target\":[\"https:\\\/\\\/www.comapanuevolaredo.gob.mx\\\/sitio\\\/importante-vigilar-consumo-de-agua-en-dias-calurosos\\\/\"]}]},{\"@type\":\"ImageObject\",\"inLanguage\":\"es\",\"@id\":\"https:\\\/\\\/www.comapanuevolaredo.gob.mx\\\/sitio\\\/importante-vigilar-consumo-de-agua-en-dias-calurosos\\\/#primaryimage\",\"url\":\"https:\\\/\\\/www.comapanuevolaredo.gob.mx\\\/sitio\\\/wp-content\\\/uploads\\\/2019\\\/06\\\/web490.jpg\",\"contentUrl\":\"https:\\\/\\\/www.comapanuevolaredo.gob.mx\\\/sitio\\\/wp-content\\\/uploads\\\/2019\\\/06\\\/web490.jpg\",\"width\":1280,\"height\":548},{\"@type\":\"BreadcrumbList\",\"@id\":\"https:\\\/\\\/www.comapanuevolaredo.gob.mx\\\/sitio\\\/importante-vigilar-consumo-de-agua-en-dias-calurosos\\\/#breadcrumb\",\"itemListElement\":[{\"@type\":\"ListItem\",\"position\":1,\"name\":\"Home\",\"item\":\"https:\\\/\\\/www.comapanuevolaredo.gob.mx\\\/sitio\\\/\"},{\"@type\":\"ListItem\",\"position\":2,\"name\":\"Importante vigilar consumo de agua en d\u00edas calurosos\"}]},{\"@type\":\"WebSite\",\"@id\":\"https:\\\/\\\/www.comapanuevolaredo.gob.mx\\\/sitio\\\/#website\",\"url\":\"https:\\\/\\\/www.comapanuevolaredo.gob.mx\\\/sitio\\\/\",\"name\":\"Comapa Nuevo Laredo\",\"description\":\"Servicio y distribuci\u00f3n de agua potable y drenaje, planta potabilizadora en NLD, a orillas del R\u00edo Bravo, en la Frontera Norte de Tamaulipas, M\u00e9xico\",\"publisher\":{\"@id\":\"https:\\\/\\\/www.comapanuevolaredo.gob.mx\\\/sitio\\\/#organization\"},\"potentialAction\":[{\"@type\":\"SearchAction\",\"target\":{\"@type\":\"EntryPoint\",\"urlTemplate\":\"https:\\\/\\\/www.comapanuevolaredo.gob.mx\\\/sitio\\\/?s={search_term_string}\"},\"query-input\":{\"@type\":\"PropertyValueSpecification\",\"valueRequired\":true,\"valueName\":\"search_term_string\"}}],\"inLanguage\":\"es\"},{\"@type\":\"Organization\",\"@id\":\"https:\\\/\\\/www.comapanuevolaredo.gob.mx\\\/sitio\\\/#organization\",\"name\":\"Comapa Nuevo Laredo\",\"url\":\"https:\\\/\\\/www.comapanuevolaredo.gob.mx\\\/sitio\\\/\",\"logo\":{\"@type\":\"ImageObject\",\"inLanguage\":\"es\",\"@id\":\"https:\\\/\\\/www.comapanuevolaredo.gob.mx\\\/sitio\\\/#\\\/schema\\\/logo\\\/image\\\/\",\"url\":\"https:\\\/\\\/www.comapanuevolaredo.gob.mx\\\/sitio\\\/wp-content\\\/uploads\\\/2025\\\/02\\\/cropped-512.jpg\",\"contentUrl\":\"https:\\\/\\\/www.comapanuevolaredo.gob.mx\\\/sitio\\\/wp-content\\\/uploads\\\/2025\\\/02\\\/cropped-512.jpg\",\"width\":512,\"height\":512,\"caption\":\"Comapa Nuevo Laredo\"},\"image\":{\"@id\":\"https:\\\/\\\/www.comapanuevolaredo.gob.mx\\\/sitio\\\/#\\\/schema\\\/logo\\\/image\\\/\"},\"sameAs\":[\"https:\\\/\\\/www.facebook.com\\\/comapa.nuevolaredo\\\/\",\"https:\\\/\\\/x.com\\\/ComapaNvoLaredo\",\"https:\\\/\\\/www.instagram.com\\\/comapanld\\\/\"]},{\"@type\":\"Person\",\"@id\":\"https:\\\/\\\/www.comapanuevolaredo.gob.mx\\\/sitio\\\/#\\\/schema\\\/person\\\/9e85eb4ab4ba6580b28c7431a440d821\",\"name\":\"Cyndi Ramirez\",\"image\":{\"@type\":\"ImageObject\",\"inLanguage\":\"es\",\"@id\":\"https:\\\/\\\/secure.gravatar.com\\\/avatar\\\/b4b02d7b72ab4a27c426f3fb8c89cc65826174909295f679ff76db95364294e4?s=96&d=mm&r=g\",\"url\":\"https:\\\/\\\/secure.gravatar.com\\\/avatar\\\/b4b02d7b72ab4a27c426f3fb8c89cc65826174909295f679ff76db95364294e4?s=96&d=mm&r=g\",\"contentUrl\":\"https:\\\/\\\/secure.gravatar.com\\\/avatar\\\/b4b02d7b72ab4a27c426f3fb8c89cc65826174909295f679ff76db95364294e4?s=96&d=mm&r=g\",\"caption\":\"Cyndi Ramirez\"}}]}<\/script>\r\n<!-- \/ Yoast SEO plugin. -->","yoast_head_json":{"title":"Importante vigilar consumo de agua en d\u00edas calurosos - Comapa Nuevo Laredo","robots":{"index":"index","follow":"follow","max-snippet":"max-snippet:-1","max-image-preview":"max-image-preview:large","max-video-preview":"max-video-preview:-1"},"canonical":"https:\/\/www.comapanuevolaredo.gob.mx\/sitio\/importante-vigilar-consumo-de-agua-en-dias-calurosos\/","og_locale":"es_ES","og_type":"article","og_title":"Importante vigilar consumo de agua en d\u00edas calurosos - Comapa Nuevo Laredo","og_description":"Debido al incremento en el consumo de agua potable durante la temporada de altas temperaturas, la Comisi\u00f3n Municipal de Agua Potable y Alcantarillado -COMAPA- exhorta a utilizar el agua de manera racional y eficiente, para que toda la ciudad pueda ser abastecida y evitar a la vez un gasto innecesario. Rodolfo Gonz\u00e1lez Morales, gerente general [&hellip;]","og_url":"https:\/\/www.comapanuevolaredo.gob.mx\/sitio\/importante-vigilar-consumo-de-agua-en-dias-calurosos\/","og_site_name":"Comapa Nuevo Laredo","article_publisher":"https:\/\/www.facebook.com\/comapa.nuevolaredo\/","article_published_time":"2019-06-20T20:14:18+00:00","article_modified_time":"2019-06-20T20:23:05+00:00","og_image":[{"width":1280,"height":548,"url":"https:\/\/www.comapanuevolaredo.gob.mx\/sitio\/wp-content\/uploads\/2019\/06\/web490.jpg","type":"image\/jpeg"}],"author":"Cyndi Ramirez","twitter_card":"summary_large_image","twitter_creator":"@ComapaNvoLaredo","twitter_site":"@ComapaNvoLaredo","twitter_misc":{"Escrito por":"Cyndi Ramirez","Tiempo de lectura":"1 minuto"},"schema":{"@context":"https:\/\/schema.org","@graph":[{"@type":"Article","@id":"https:\/\/www.comapanuevolaredo.gob.mx\/sitio\/importante-vigilar-consumo-de-agua-en-dias-calurosos\/#article","isPartOf":{"@id":"https:\/\/www.comapanuevolaredo.gob.mx\/sitio\/importante-vigilar-consumo-de-agua-en-dias-calurosos\/"},"author":{"name":"Cyndi Ramirez","@id":"https:\/\/www.comapanuevolaredo.gob.mx\/sitio\/#\/schema\/person\/9e85eb4ab4ba6580b28c7431a440d821"},"headline":"Importante vigilar consumo de agua en d\u00edas calurosos","datePublished":"2019-06-20T20:14:18+00:00","dateModified":"2019-06-20T20:23:05+00:00","mainEntityOfPage":{"@id":"https:\/\/www.comapanuevolaredo.gob.mx\/sitio\/importante-vigilar-consumo-de-agua-en-dias-calurosos\/"},"wordCount":240,"commentCount":0,"publisher":{"@id":"https:\/\/www.comapanuevolaredo.gob.mx\/sitio\/#organization"},"image":{"@id":"https:\/\/www.comapanuevolaredo.gob.mx\/sitio\/importante-vigilar-consumo-de-agua-en-dias-calurosos\/#primaryimage"},"thumbnailUrl":"https:\/\/www.comapanuevolaredo.gob.mx\/sitio\/wp-content\/uploads\/2019\/06\/web490.jpg","articleSection":["Cultura del Agua"],"inLanguage":"es","potentialAction":[{"@type":"CommentAction","name":"Comment","target":["https:\/\/www.comapanuevolaredo.gob.mx\/sitio\/importante-vigilar-consumo-de-agua-en-dias-calurosos\/#respond"]}]},{"@type":"WebPage","@id":"https:\/\/www.comapanuevolaredo.gob.mx\/sitio\/importante-vigilar-consumo-de-agua-en-dias-calurosos\/","url":"https:\/\/www.comapanuevolaredo.gob.mx\/sitio\/importante-vigilar-consumo-de-agua-en-dias-calurosos\/","name":"Importante vigilar consumo de agua en d\u00edas calurosos - Comapa Nuevo Laredo","isPartOf":{"@id":"https:\/\/www.comapanuevolaredo.gob.mx\/sitio\/#website"},"primaryImageOfPage":{"@id":"https:\/\/www.comapanuevolaredo.gob.mx\/sitio\/importante-vigilar-consumo-de-agua-en-dias-calurosos\/#primaryimage"},"image":{"@id":"https:\/\/www.comapanuevolaredo.gob.mx\/sitio\/importante-vigilar-consumo-de-agua-en-dias-calurosos\/#primaryimage"},"thumbnailUrl":"https:\/\/www.comapanuevolaredo.gob.mx\/sitio\/wp-content\/uploads\/2019\/06\/web490.jpg","datePublished":"2019-06-20T20:14:18+00:00","dateModified":"2019-06-20T20:23:05+00:00","breadcrumb":{"@id":"https:\/\/www.comapanuevolaredo.gob.mx\/sitio\/importante-vigilar-consumo-de-agua-en-dias-calurosos\/#breadcrumb"},"inLanguage":"es","potentialAction":[{"@type":"ReadAction","target":["https:\/\/www.comapanuevolaredo.gob.mx\/sitio\/importante-vigilar-consumo-de-agua-en-dias-calurosos\/"]}]},{"@type":"ImageObject","inLanguage":"es","@id":"https:\/\/www.comapanuevolaredo.gob.mx\/sitio\/importante-vigilar-consumo-de-agua-en-dias-calurosos\/#primaryimage","url":"https:\/\/www.comapanuevolaredo.gob.mx\/sitio\/wp-content\/uploads\/2019\/06\/web490.jpg","contentUrl":"https:\/\/www.comapanuevolaredo.gob.mx\/sitio\/wp-content\/uploads\/2019\/06\/web490.jpg","width":1280,"height":548},{"@type":"BreadcrumbList","@id":"https:\/\/www.comapanuevolaredo.gob.mx\/sitio\/importante-vigilar-consumo-de-agua-en-dias-calurosos\/#breadcrumb","itemListElement":[{"@type":"ListItem","position":1,"name":"Home","item":"https:\/\/www.comapanuevolaredo.gob.mx\/sitio\/"},{"@type":"ListItem","position":2,"name":"Importante vigilar consumo de agua en d\u00edas calurosos"}]},{"@type":"WebSite","@id":"https:\/\/www.comapanuevolaredo.gob.mx\/sitio\/#website","url":"https:\/\/www.comapanuevolaredo.gob.mx\/sitio\/","name":"Comapa Nuevo Laredo","description":"Servicio y distribuci\u00f3n de agua potable y drenaje, planta potabilizadora en NLD, a orillas del R\u00edo Bravo, en la Frontera Norte de Tamaulipas, M\u00e9xico","publisher":{"@id":"https:\/\/www.comapanuevolaredo.gob.mx\/sitio\/#organization"},"potentialAction":[{"@type":"SearchAction","target":{"@type":"EntryPoint","urlTemplate":"https:\/\/www.comapanuevolaredo.gob.mx\/sitio\/?s={search_term_string}"},"query-input":{"@type":"PropertyValueSpecification","valueRequired":true,"valueName":"search_term_string"}}],"inLanguage":"es"},{"@type":"Organization","@id":"https:\/\/www.comapanuevolaredo.gob.mx\/sitio\/#organization","name":"Comapa Nuevo Laredo","url":"https:\/\/www.comapanuevolaredo.gob.mx\/sitio\/","logo":{"@type":"ImageObject","inLanguage":"es","@id":"https:\/\/www.comapanuevolaredo.gob.mx\/sitio\/#\/schema\/logo\/image\/","url":"https:\/\/www.comapanuevolaredo.gob.mx\/sitio\/wp-content\/uploads\/2025\/02\/cropped-512.jpg","contentUrl":"https:\/\/www.comapanuevolaredo.gob.mx\/sitio\/wp-content\/uploads\/2025\/02\/cropped-512.jpg","width":512,"height":512,"caption":"Comapa Nuevo Laredo"},"image":{"@id":"https:\/\/www.comapanuevolaredo.gob.mx\/sitio\/#\/schema\/logo\/image\/"},"sameAs":["https:\/\/www.facebook.com\/comapa.nuevolaredo\/","https:\/\/x.com\/ComapaNvoLaredo","https:\/\/www.instagram.com\/comapanld\/"]},{"@type":"Person","@id":"https:\/\/www.comapanuevolaredo.gob.mx\/sitio\/#\/schema\/person\/9e85eb4ab4ba6580b28c7431a440d821","name":"Cyndi Ramirez","image":{"@type":"ImageObject","inLanguage":"es","@id":"https:\/\/secure.gravatar.com\/avatar\/b4b02d7b72ab4a27c426f3fb8c89cc65826174909295f679ff76db95364294e4?s=96&d=mm&r=g","url":"https:\/\/secure.gravatar.com\/avatar\/b4b02d7b72ab4a27c426f3fb8c89cc65826174909295f679ff76db95364294e4?s=96&d=mm&r=g","contentUrl":"https:\/\/secure.gravatar.com\/avatar\/b4b02d7b72ab4a27c426f3fb8c89cc65826174909295f679ff76db95364294e4?s=96&d=mm&r=g","caption":"Cyndi Ramirez"}}]}},"_links":{"self":[{"href":"https:\/\/www.comapanuevolaredo.gob.mx\/sitio\/wp-json\/wp\/v2\/posts\/6687","targetHints":{"allow":["GET"]}}],"collection":[{"href":"https:\/\/www.comapanuevolaredo.gob.mx\/sitio\/wp-json\/wp\/v2\/posts"}],"about":[{"href":"https:\/\/www.comapanuevolaredo.gob.mx\/sitio\/wp-json\/wp\/v2\/types\/post"}],"author":[{"embeddable":true,"href":"https:\/\/www.comapanuevolaredo.gob.mx\/sitio\/wp-json\/wp\/v2\/users\/6"}],"replies":[{"embeddable":true,"href":"https:\/\/www.comapanuevolaredo.gob.mx\/sitio\/wp-json\/wp\/v2\/comments?post=6687"}],"version-history":[{"count":2,"href":"https:\/\/www.comapanuevolaredo.gob.mx\/sitio\/wp-json\/wp\/v2\/posts\/6687\/revisions"}],"predecessor-version":[{"id":6690,"href":"https:\/\/www.comapanuevolaredo.gob.mx\/sitio\/wp-json\/wp\/v2\/posts\/6687\/revisions\/6690"}],"wp:featuredmedia":[{"embeddable":true,"href":"https:\/\/www.comapanuevolaredo.gob.mx\/sitio\/wp-json\/wp\/v2\/media\/6688"}],"wp:attachment":[{"href":"https:\/\/www.comapanuevolaredo.gob.mx\/sitio\/wp-json\/wp\/v2\/media?parent=6687"}],"wp:term":[{"taxonomy":"category","embeddable":true,"href":"https:\/\/www.comapanuevolaredo.gob.mx\/sitio\/wp-json\/wp\/v2\/categories?post=6687"},{"taxonomy":"post_tag","embeddable":true,"href":"https:\/\/www.comapanuevolaredo.gob.mx\/sitio\/wp-json\/wp\/v2\/tags?post=6687"}],"curies":[{"name":"wp","href":"https:\/\/api.w.org\/{rel}","templated":true}]}}