{"id":6232,"date":"2019-03-21T13:34:29","date_gmt":"2019-03-21T19:34:29","guid":{"rendered":"https:\/\/www.comapanuevolaredo.gob.mx\/sitio\/?p=6232"},"modified":"2019-04-15T07:50:57","modified_gmt":"2019-04-15T13:50:57","slug":"ofrecen-charla-sobre-el-cuidado-del-agua-a-alumnos-de-la-altamirano","status":"publish","type":"post","link":"https:\/\/www.comapanuevolaredo.gob.mx\/sitio\/ofrecen-charla-sobre-el-cuidado-del-agua-a-alumnos-de-la-altamirano\/","title":{"rendered":"\u00a0Ofrecen charla sobre el cuidado del agua a alumnos de la Altamirano  \u00a0"},"content":{"rendered":"<p>Las actividades conmemorativas al D\u00eda Internacional del Agua, iniciaron este jueves \u00a0con pl\u00e1ticas de concientizaci\u00f3n sobre el cuidado del agua en la escuela primaria Ignacio Manuel Altamirano.<\/p>\n<p>Rodolfo Gonz\u00e1lez Morales, gerente general de la Comisi\u00f3n Municipal de Agua Potable Alcantarillado -COMAPA- de Nuevo Laredo, \u00a0se\u00f1al\u00f3 la importancia de educar a las nuevas generaciones a cuidar de este recurso natural tan imprescindible para el diario vivir.<\/p>\n<p>Al arranque de este programa tambi\u00e9n participaron alumnos de las escuelas primarias Praxedis Balboa y Benito Ju\u00e1rez, adem\u00e1s de los estudiantes del plantel Ignacio Manuel Altamirano.<\/p>\n<p>Los alumnos fueron guiados por el personal del departamento de Cultura del Agua de una manera amena, mediante charlas y v\u00eddeos abordaron temas como el cuidado correcto del vital l\u00edquido, hasta las consecuencias que puede acarrear la contaminaci\u00f3n de este recurso, exhort\u00e1ndoles a hacer la diferencia.<\/p>\n<p>Los programas alusivos a esta celebraci\u00f3n culminar\u00e1n este viernes 22 de marzo, fecha en que se conmemora de manera oficial el D\u00eda Internacional del Agua, en la Sala Sergio Pe\u00f1a a las 10:00 de la ma\u00f1ana, donde se expondr\u00e1 el tema Contaminaci\u00f3n del Entorno Urbano y sus Afectaciones a comerciantes establecidos y ambulantes.<\/p>\n<p>&nbsp;<\/p>\n","protected":false},"excerpt":{"rendered":"<p>Las actividades conmemorativas al D\u00eda Internacional del Agua, iniciaron este jueves \u00a0con pl\u00e1ticas de concientizaci\u00f3n sobre el cuidado del agua en la escuela primaria Ignacio Manuel Altamirano. Rodolfo Gonz\u00e1lez Morales, gerente general de la Comisi\u00f3n Municipal de Agua Potable Alcantarillado -COMAPA- de Nuevo Laredo, \u00a0se\u00f1al\u00f3 la importancia de educar a las nuevas generaciones a cuidar [&hellip;]<\/p>\n","protected":false},"author":4,"featured_media":6233,"comment_status":"open","ping_status":"closed","sticky":false,"template":"","format":"standard","meta":{"footnotes":""},"categories":[18],"tags":[],"class_list":["post-6232","post","type-post","status-publish","format-standard","has-post-thumbnail","hentry","category-cultura-del-agua"],"yoast_head":"<!-- This site is optimized with the Yoast SEO plugin v27.3 - https:\/\/yoast.com\/product\/yoast-seo-wordpress\/ -->\r\n<title>\u00a0Ofrecen charla sobre el cuidado del agua a alumnos de la Altamirano \u00a0 - Comapa Nuevo Laredo<\/title>\r\n<meta name=\"robots\" content=\"index, follow, max-snippet:-1, max-image-preview:large, max-video-preview:-1\" \/>\r\n<link rel=\"canonical\" href=\"https:\/\/www.comapanuevolaredo.gob.mx\/sitio\/ofrecen-charla-sobre-el-cuidado-del-agua-a-alumnos-de-la-altamirano\/\" \/>\r\n<meta property=\"og:locale\" content=\"es_ES\" \/>\r\n<meta property=\"og:type\" content=\"article\" \/>\r\n<meta property=\"og:title\" content=\"\u00a0Ofrecen charla sobre el cuidado del agua a alumnos de la Altamirano \u00a0 - Comapa Nuevo Laredo\" \/>\r\n<meta property=\"og:description\" content=\"Las actividades conmemorativas al D\u00eda Internacional del Agua, iniciaron este jueves \u00a0con pl\u00e1ticas de concientizaci\u00f3n sobre el cuidado del agua en la escuela primaria Ignacio Manuel Altamirano. Rodolfo Gonz\u00e1lez Morales, gerente general de la Comisi\u00f3n Municipal de Agua Potable Alcantarillado -COMAPA- de Nuevo Laredo, \u00a0se\u00f1al\u00f3 la importancia de educar a las nuevas generaciones a cuidar [&hellip;]\" \/>\r\n<meta property=\"og:url\" content=\"https:\/\/www.comapanuevolaredo.gob.mx\/sitio\/ofrecen-charla-sobre-el-cuidado-del-agua-a-alumnos-de-la-altamirano\/\" \/>\r\n<meta property=\"og:site_name\" content=\"Comapa Nuevo Laredo\" \/>\r\n<meta property=\"article:publisher\" content=\"https:\/\/www.facebook.com\/comapa.nuevolaredo\/\" \/>\r\n<meta property=\"article:published_time\" content=\"2019-03-21T19:34:29+00:00\" \/>\r\n<meta property=\"article:modified_time\" content=\"2019-04-15T13:50:57+00:00\" \/>\r\n<meta property=\"og:image\" content=\"https:\/\/www.comapanuevolaredo.gob.mx\/sitio\/wp-content\/uploads\/2019\/03\/Pagina-Web-464-1.jpeg\" \/>\r\n\t<meta property=\"og:image:width\" content=\"1280\" \/>\r\n\t<meta property=\"og:image:height\" content=\"548\" \/>\r\n\t<meta property=\"og:image:type\" content=\"image\/jpeg\" \/>\r\n<meta name=\"author\" content=\"Erika Barrera Luna\" \/>\r\n<meta name=\"twitter:card\" content=\"summary_large_image\" \/>\r\n<meta name=\"twitter:creator\" content=\"@ComapaNvoLaredo\" \/>\r\n<meta name=\"twitter:site\" content=\"@ComapaNvoLaredo\" \/>\r\n<meta name=\"twitter:label1\" content=\"Escrito por\" \/>\n\t<meta name=\"twitter:data1\" content=\"Erika Barrera Luna\" \/>\n\t<meta name=\"twitter:label2\" content=\"Tiempo de lectura\" \/>\n\t<meta name=\"twitter:data2\" content=\"1 minuto\" \/>\r\n<script type=\"application\/ld+json\" class=\"yoast-schema-graph\">{\"@context\":\"https:\\\/\\\/schema.org\",\"@graph\":[{\"@type\":\"Article\",\"@id\":\"https:\\\/\\\/www.comapanuevolaredo.gob.mx\\\/sitio\\\/ofrecen-charla-sobre-el-cuidado-del-agua-a-alumnos-de-la-altamirano\\\/#article\",\"isPartOf\":{\"@id\":\"https:\\\/\\\/www.comapanuevolaredo.gob.mx\\\/sitio\\\/ofrecen-charla-sobre-el-cuidado-del-agua-a-alumnos-de-la-altamirano\\\/\"},\"author\":{\"name\":\"Erika Barrera Luna\",\"@id\":\"https:\\\/\\\/www.comapanuevolaredo.gob.mx\\\/sitio\\\/#\\\/schema\\\/person\\\/fc0e6254fdd6faa6a1049ac6f920eb7e\"},\"headline\":\"\u00a0Ofrecen charla sobre el cuidado del agua a alumnos de la Altamirano \u00a0\",\"datePublished\":\"2019-03-21T19:34:29+00:00\",\"dateModified\":\"2019-04-15T13:50:57+00:00\",\"mainEntityOfPage\":{\"@id\":\"https:\\\/\\\/www.comapanuevolaredo.gob.mx\\\/sitio\\\/ofrecen-charla-sobre-el-cuidado-del-agua-a-alumnos-de-la-altamirano\\\/\"},\"wordCount\":220,\"commentCount\":0,\"publisher\":{\"@id\":\"https:\\\/\\\/www.comapanuevolaredo.gob.mx\\\/sitio\\\/#organization\"},\"image\":{\"@id\":\"https:\\\/\\\/www.comapanuevolaredo.gob.mx\\\/sitio\\\/ofrecen-charla-sobre-el-cuidado-del-agua-a-alumnos-de-la-altamirano\\\/#primaryimage\"},\"thumbnailUrl\":\"https:\\\/\\\/www.comapanuevolaredo.gob.mx\\\/sitio\\\/wp-content\\\/uploads\\\/2019\\\/03\\\/Pagina-Web-464-1.jpeg\",\"articleSection\":[\"Cultura del Agua\"],\"inLanguage\":\"es\",\"potentialAction\":[{\"@type\":\"CommentAction\",\"name\":\"Comment\",\"target\":[\"https:\\\/\\\/www.comapanuevolaredo.gob.mx\\\/sitio\\\/ofrecen-charla-sobre-el-cuidado-del-agua-a-alumnos-de-la-altamirano\\\/#respond\"]}]},{\"@type\":\"WebPage\",\"@id\":\"https:\\\/\\\/www.comapanuevolaredo.gob.mx\\\/sitio\\\/ofrecen-charla-sobre-el-cuidado-del-agua-a-alumnos-de-la-altamirano\\\/\",\"url\":\"https:\\\/\\\/www.comapanuevolaredo.gob.mx\\\/sitio\\\/ofrecen-charla-sobre-el-cuidado-del-agua-a-alumnos-de-la-altamirano\\\/\",\"name\":\"\u00a0Ofrecen charla sobre el cuidado del agua a alumnos de la Altamirano \u00a0 - Comapa Nuevo Laredo\",\"isPartOf\":{\"@id\":\"https:\\\/\\\/www.comapanuevolaredo.gob.mx\\\/sitio\\\/#website\"},\"primaryImageOfPage\":{\"@id\":\"https:\\\/\\\/www.comapanuevolaredo.gob.mx\\\/sitio\\\/ofrecen-charla-sobre-el-cuidado-del-agua-a-alumnos-de-la-altamirano\\\/#primaryimage\"},\"image\":{\"@id\":\"https:\\\/\\\/www.comapanuevolaredo.gob.mx\\\/sitio\\\/ofrecen-charla-sobre-el-cuidado-del-agua-a-alumnos-de-la-altamirano\\\/#primaryimage\"},\"thumbnailUrl\":\"https:\\\/\\\/www.comapanuevolaredo.gob.mx\\\/sitio\\\/wp-content\\\/uploads\\\/2019\\\/03\\\/Pagina-Web-464-1.jpeg\",\"datePublished\":\"2019-03-21T19:34:29+00:00\",\"dateModified\":\"2019-04-15T13:50:57+00:00\",\"breadcrumb\":{\"@id\":\"https:\\\/\\\/www.comapanuevolaredo.gob.mx\\\/sitio\\\/ofrecen-charla-sobre-el-cuidado-del-agua-a-alumnos-de-la-altamirano\\\/#breadcrumb\"},\"inLanguage\":\"es\",\"potentialAction\":[{\"@type\":\"ReadAction\",\"target\":[\"https:\\\/\\\/www.comapanuevolaredo.gob.mx\\\/sitio\\\/ofrecen-charla-sobre-el-cuidado-del-agua-a-alumnos-de-la-altamirano\\\/\"]}]},{\"@type\":\"ImageObject\",\"inLanguage\":\"es\",\"@id\":\"https:\\\/\\\/www.comapanuevolaredo.gob.mx\\\/sitio\\\/ofrecen-charla-sobre-el-cuidado-del-agua-a-alumnos-de-la-altamirano\\\/#primaryimage\",\"url\":\"https:\\\/\\\/www.comapanuevolaredo.gob.mx\\\/sitio\\\/wp-content\\\/uploads\\\/2019\\\/03\\\/Pagina-Web-464-1.jpeg\",\"contentUrl\":\"https:\\\/\\\/www.comapanuevolaredo.gob.mx\\\/sitio\\\/wp-content\\\/uploads\\\/2019\\\/03\\\/Pagina-Web-464-1.jpeg\",\"width\":1280,\"height\":548},{\"@type\":\"BreadcrumbList\",\"@id\":\"https:\\\/\\\/www.comapanuevolaredo.gob.mx\\\/sitio\\\/ofrecen-charla-sobre-el-cuidado-del-agua-a-alumnos-de-la-altamirano\\\/#breadcrumb\",\"itemListElement\":[{\"@type\":\"ListItem\",\"position\":1,\"name\":\"Home\",\"item\":\"https:\\\/\\\/www.comapanuevolaredo.gob.mx\\\/sitio\\\/\"},{\"@type\":\"ListItem\",\"position\":2,\"name\":\"\u00a0Ofrecen charla sobre el cuidado del agua a alumnos de la Altamirano \u00a0\"}]},{\"@type\":\"WebSite\",\"@id\":\"https:\\\/\\\/www.comapanuevolaredo.gob.mx\\\/sitio\\\/#website\",\"url\":\"https:\\\/\\\/www.comapanuevolaredo.gob.mx\\\/sitio\\\/\",\"name\":\"Comapa Nuevo Laredo\",\"description\":\"Servicio y distribuci\u00f3n de agua potable y drenaje, planta potabilizadora en NLD, a orillas del R\u00edo Bravo, en la Frontera Norte de Tamaulipas, M\u00e9xico\",\"publisher\":{\"@id\":\"https:\\\/\\\/www.comapanuevolaredo.gob.mx\\\/sitio\\\/#organization\"},\"potentialAction\":[{\"@type\":\"SearchAction\",\"target\":{\"@type\":\"EntryPoint\",\"urlTemplate\":\"https:\\\/\\\/www.comapanuevolaredo.gob.mx\\\/sitio\\\/?s={search_term_string}\"},\"query-input\":{\"@type\":\"PropertyValueSpecification\",\"valueRequired\":true,\"valueName\":\"search_term_string\"}}],\"inLanguage\":\"es\"},{\"@type\":\"Organization\",\"@id\":\"https:\\\/\\\/www.comapanuevolaredo.gob.mx\\\/sitio\\\/#organization\",\"name\":\"Comapa Nuevo Laredo\",\"url\":\"https:\\\/\\\/www.comapanuevolaredo.gob.mx\\\/sitio\\\/\",\"logo\":{\"@type\":\"ImageObject\",\"inLanguage\":\"es\",\"@id\":\"https:\\\/\\\/www.comapanuevolaredo.gob.mx\\\/sitio\\\/#\\\/schema\\\/logo\\\/image\\\/\",\"url\":\"https:\\\/\\\/www.comapanuevolaredo.gob.mx\\\/sitio\\\/wp-content\\\/uploads\\\/2025\\\/02\\\/cropped-512.jpg\",\"contentUrl\":\"https:\\\/\\\/www.comapanuevolaredo.gob.mx\\\/sitio\\\/wp-content\\\/uploads\\\/2025\\\/02\\\/cropped-512.jpg\",\"width\":512,\"height\":512,\"caption\":\"Comapa Nuevo Laredo\"},\"image\":{\"@id\":\"https:\\\/\\\/www.comapanuevolaredo.gob.mx\\\/sitio\\\/#\\\/schema\\\/logo\\\/image\\\/\"},\"sameAs\":[\"https:\\\/\\\/www.facebook.com\\\/comapa.nuevolaredo\\\/\",\"https:\\\/\\\/x.com\\\/ComapaNvoLaredo\",\"https:\\\/\\\/www.instagram.com\\\/comapanld\\\/\"]},{\"@type\":\"Person\",\"@id\":\"https:\\\/\\\/www.comapanuevolaredo.gob.mx\\\/sitio\\\/#\\\/schema\\\/person\\\/fc0e6254fdd6faa6a1049ac6f920eb7e\",\"name\":\"Erika Barrera Luna\",\"image\":{\"@type\":\"ImageObject\",\"inLanguage\":\"es\",\"@id\":\"https:\\\/\\\/secure.gravatar.com\\\/avatar\\\/49e2d59952c23afe144947209546bdc39c97277fa7167922343eda83cf7ecc7d?s=96&d=mm&r=g\",\"url\":\"https:\\\/\\\/secure.gravatar.com\\\/avatar\\\/49e2d59952c23afe144947209546bdc39c97277fa7167922343eda83cf7ecc7d?s=96&d=mm&r=g\",\"contentUrl\":\"https:\\\/\\\/secure.gravatar.com\\\/avatar\\\/49e2d59952c23afe144947209546bdc39c97277fa7167922343eda83cf7ecc7d?s=96&d=mm&r=g\",\"caption\":\"Erika Barrera Luna\"}}]}<\/script>\r\n<!-- \/ Yoast SEO plugin. -->","yoast_head_json":{"title":"\u00a0Ofrecen charla sobre el cuidado del agua a alumnos de la Altamirano \u00a0 - Comapa Nuevo Laredo","robots":{"index":"index","follow":"follow","max-snippet":"max-snippet:-1","max-image-preview":"max-image-preview:large","max-video-preview":"max-video-preview:-1"},"canonical":"https:\/\/www.comapanuevolaredo.gob.mx\/sitio\/ofrecen-charla-sobre-el-cuidado-del-agua-a-alumnos-de-la-altamirano\/","og_locale":"es_ES","og_type":"article","og_title":"\u00a0Ofrecen charla sobre el cuidado del agua a alumnos de la Altamirano \u00a0 - Comapa Nuevo Laredo","og_description":"Las actividades conmemorativas al D\u00eda Internacional del Agua, iniciaron este jueves \u00a0con pl\u00e1ticas de concientizaci\u00f3n sobre el cuidado del agua en la escuela primaria Ignacio Manuel Altamirano. Rodolfo Gonz\u00e1lez Morales, gerente general de la Comisi\u00f3n Municipal de Agua Potable Alcantarillado -COMAPA- de Nuevo Laredo, \u00a0se\u00f1al\u00f3 la importancia de educar a las nuevas generaciones a cuidar [&hellip;]","og_url":"https:\/\/www.comapanuevolaredo.gob.mx\/sitio\/ofrecen-charla-sobre-el-cuidado-del-agua-a-alumnos-de-la-altamirano\/","og_site_name":"Comapa Nuevo Laredo","article_publisher":"https:\/\/www.facebook.com\/comapa.nuevolaredo\/","article_published_time":"2019-03-21T19:34:29+00:00","article_modified_time":"2019-04-15T13:50:57+00:00","og_image":[{"width":1280,"height":548,"url":"https:\/\/www.comapanuevolaredo.gob.mx\/sitio\/wp-content\/uploads\/2019\/03\/Pagina-Web-464-1.jpeg","type":"image\/jpeg"}],"author":"Erika Barrera Luna","twitter_card":"summary_large_image","twitter_creator":"@ComapaNvoLaredo","twitter_site":"@ComapaNvoLaredo","twitter_misc":{"Escrito por":"Erika Barrera Luna","Tiempo de lectura":"1 minuto"},"schema":{"@context":"https:\/\/schema.org","@graph":[{"@type":"Article","@id":"https:\/\/www.comapanuevolaredo.gob.mx\/sitio\/ofrecen-charla-sobre-el-cuidado-del-agua-a-alumnos-de-la-altamirano\/#article","isPartOf":{"@id":"https:\/\/www.comapanuevolaredo.gob.mx\/sitio\/ofrecen-charla-sobre-el-cuidado-del-agua-a-alumnos-de-la-altamirano\/"},"author":{"name":"Erika Barrera Luna","@id":"https:\/\/www.comapanuevolaredo.gob.mx\/sitio\/#\/schema\/person\/fc0e6254fdd6faa6a1049ac6f920eb7e"},"headline":"\u00a0Ofrecen charla sobre el cuidado del agua a alumnos de la Altamirano \u00a0","datePublished":"2019-03-21T19:34:29+00:00","dateModified":"2019-04-15T13:50:57+00:00","mainEntityOfPage":{"@id":"https:\/\/www.comapanuevolaredo.gob.mx\/sitio\/ofrecen-charla-sobre-el-cuidado-del-agua-a-alumnos-de-la-altamirano\/"},"wordCount":220,"commentCount":0,"publisher":{"@id":"https:\/\/www.comapanuevolaredo.gob.mx\/sitio\/#organization"},"image":{"@id":"https:\/\/www.comapanuevolaredo.gob.mx\/sitio\/ofrecen-charla-sobre-el-cuidado-del-agua-a-alumnos-de-la-altamirano\/#primaryimage"},"thumbnailUrl":"https:\/\/www.comapanuevolaredo.gob.mx\/sitio\/wp-content\/uploads\/2019\/03\/Pagina-Web-464-1.jpeg","articleSection":["Cultura del Agua"],"inLanguage":"es","potentialAction":[{"@type":"CommentAction","name":"Comment","target":["https:\/\/www.comapanuevolaredo.gob.mx\/sitio\/ofrecen-charla-sobre-el-cuidado-del-agua-a-alumnos-de-la-altamirano\/#respond"]}]},{"@type":"WebPage","@id":"https:\/\/www.comapanuevolaredo.gob.mx\/sitio\/ofrecen-charla-sobre-el-cuidado-del-agua-a-alumnos-de-la-altamirano\/","url":"https:\/\/www.comapanuevolaredo.gob.mx\/sitio\/ofrecen-charla-sobre-el-cuidado-del-agua-a-alumnos-de-la-altamirano\/","name":"\u00a0Ofrecen charla sobre el cuidado del agua a alumnos de la Altamirano \u00a0 - Comapa Nuevo Laredo","isPartOf":{"@id":"https:\/\/www.comapanuevolaredo.gob.mx\/sitio\/#website"},"primaryImageOfPage":{"@id":"https:\/\/www.comapanuevolaredo.gob.mx\/sitio\/ofrecen-charla-sobre-el-cuidado-del-agua-a-alumnos-de-la-altamirano\/#primaryimage"},"image":{"@id":"https:\/\/www.comapanuevolaredo.gob.mx\/sitio\/ofrecen-charla-sobre-el-cuidado-del-agua-a-alumnos-de-la-altamirano\/#primaryimage"},"thumbnailUrl":"https:\/\/www.comapanuevolaredo.gob.mx\/sitio\/wp-content\/uploads\/2019\/03\/Pagina-Web-464-1.jpeg","datePublished":"2019-03-21T19:34:29+00:00","dateModified":"2019-04-15T13:50:57+00:00","breadcrumb":{"@id":"https:\/\/www.comapanuevolaredo.gob.mx\/sitio\/ofrecen-charla-sobre-el-cuidado-del-agua-a-alumnos-de-la-altamirano\/#breadcrumb"},"inLanguage":"es","potentialAction":[{"@type":"ReadAction","target":["https:\/\/www.comapanuevolaredo.gob.mx\/sitio\/ofrecen-charla-sobre-el-cuidado-del-agua-a-alumnos-de-la-altamirano\/"]}]},{"@type":"ImageObject","inLanguage":"es","@id":"https:\/\/www.comapanuevolaredo.gob.mx\/sitio\/ofrecen-charla-sobre-el-cuidado-del-agua-a-alumnos-de-la-altamirano\/#primaryimage","url":"https:\/\/www.comapanuevolaredo.gob.mx\/sitio\/wp-content\/uploads\/2019\/03\/Pagina-Web-464-1.jpeg","contentUrl":"https:\/\/www.comapanuevolaredo.gob.mx\/sitio\/wp-content\/uploads\/2019\/03\/Pagina-Web-464-1.jpeg","width":1280,"height":548},{"@type":"BreadcrumbList","@id":"https:\/\/www.comapanuevolaredo.gob.mx\/sitio\/ofrecen-charla-sobre-el-cuidado-del-agua-a-alumnos-de-la-altamirano\/#breadcrumb","itemListElement":[{"@type":"ListItem","position":1,"name":"Home","item":"https:\/\/www.comapanuevolaredo.gob.mx\/sitio\/"},{"@type":"ListItem","position":2,"name":"\u00a0Ofrecen charla sobre el cuidado del agua a alumnos de la Altamirano \u00a0"}]},{"@type":"WebSite","@id":"https:\/\/www.comapanuevolaredo.gob.mx\/sitio\/#website","url":"https:\/\/www.comapanuevolaredo.gob.mx\/sitio\/","name":"Comapa Nuevo Laredo","description":"Servicio y distribuci\u00f3n de agua potable y drenaje, planta potabilizadora en NLD, a orillas del R\u00edo Bravo, en la Frontera Norte de Tamaulipas, M\u00e9xico","publisher":{"@id":"https:\/\/www.comapanuevolaredo.gob.mx\/sitio\/#organization"},"potentialAction":[{"@type":"SearchAction","target":{"@type":"EntryPoint","urlTemplate":"https:\/\/www.comapanuevolaredo.gob.mx\/sitio\/?s={search_term_string}"},"query-input":{"@type":"PropertyValueSpecification","valueRequired":true,"valueName":"search_term_string"}}],"inLanguage":"es"},{"@type":"Organization","@id":"https:\/\/www.comapanuevolaredo.gob.mx\/sitio\/#organization","name":"Comapa Nuevo Laredo","url":"https:\/\/www.comapanuevolaredo.gob.mx\/sitio\/","logo":{"@type":"ImageObject","inLanguage":"es","@id":"https:\/\/www.comapanuevolaredo.gob.mx\/sitio\/#\/schema\/logo\/image\/","url":"https:\/\/www.comapanuevolaredo.gob.mx\/sitio\/wp-content\/uploads\/2025\/02\/cropped-512.jpg","contentUrl":"https:\/\/www.comapanuevolaredo.gob.mx\/sitio\/wp-content\/uploads\/2025\/02\/cropped-512.jpg","width":512,"height":512,"caption":"Comapa Nuevo Laredo"},"image":{"@id":"https:\/\/www.comapanuevolaredo.gob.mx\/sitio\/#\/schema\/logo\/image\/"},"sameAs":["https:\/\/www.facebook.com\/comapa.nuevolaredo\/","https:\/\/x.com\/ComapaNvoLaredo","https:\/\/www.instagram.com\/comapanld\/"]},{"@type":"Person","@id":"https:\/\/www.comapanuevolaredo.gob.mx\/sitio\/#\/schema\/person\/fc0e6254fdd6faa6a1049ac6f920eb7e","name":"Erika Barrera Luna","image":{"@type":"ImageObject","inLanguage":"es","@id":"https:\/\/secure.gravatar.com\/avatar\/49e2d59952c23afe144947209546bdc39c97277fa7167922343eda83cf7ecc7d?s=96&d=mm&r=g","url":"https:\/\/secure.gravatar.com\/avatar\/49e2d59952c23afe144947209546bdc39c97277fa7167922343eda83cf7ecc7d?s=96&d=mm&r=g","contentUrl":"https:\/\/secure.gravatar.com\/avatar\/49e2d59952c23afe144947209546bdc39c97277fa7167922343eda83cf7ecc7d?s=96&d=mm&r=g","caption":"Erika Barrera Luna"}}]}},"_links":{"self":[{"href":"https:\/\/www.comapanuevolaredo.gob.mx\/sitio\/wp-json\/wp\/v2\/posts\/6232","targetHints":{"allow":["GET"]}}],"collection":[{"href":"https:\/\/www.comapanuevolaredo.gob.mx\/sitio\/wp-json\/wp\/v2\/posts"}],"about":[{"href":"https:\/\/www.comapanuevolaredo.gob.mx\/sitio\/wp-json\/wp\/v2\/types\/post"}],"author":[{"embeddable":true,"href":"https:\/\/www.comapanuevolaredo.gob.mx\/sitio\/wp-json\/wp\/v2\/users\/4"}],"replies":[{"embeddable":true,"href":"https:\/\/www.comapanuevolaredo.gob.mx\/sitio\/wp-json\/wp\/v2\/comments?post=6232"}],"version-history":[{"count":1,"href":"https:\/\/www.comapanuevolaredo.gob.mx\/sitio\/wp-json\/wp\/v2\/posts\/6232\/revisions"}],"predecessor-version":[{"id":6234,"href":"https:\/\/www.comapanuevolaredo.gob.mx\/sitio\/wp-json\/wp\/v2\/posts\/6232\/revisions\/6234"}],"wp:featuredmedia":[{"embeddable":true,"href":"https:\/\/www.comapanuevolaredo.gob.mx\/sitio\/wp-json\/wp\/v2\/media\/6233"}],"wp:attachment":[{"href":"https:\/\/www.comapanuevolaredo.gob.mx\/sitio\/wp-json\/wp\/v2\/media?parent=6232"}],"wp:term":[{"taxonomy":"category","embeddable":true,"href":"https:\/\/www.comapanuevolaredo.gob.mx\/sitio\/wp-json\/wp\/v2\/categories?post=6232"},{"taxonomy":"post_tag","embeddable":true,"href":"https:\/\/www.comapanuevolaredo.gob.mx\/sitio\/wp-json\/wp\/v2\/tags?post=6232"}],"curies":[{"name":"wp","href":"https:\/\/api.w.org\/{rel}","templated":true}]}}