{"id":12627,"date":"2023-03-29T07:30:52","date_gmt":"2023-03-29T13:30:52","guid":{"rendered":"https:\/\/www.comapanuevolaredo.gob.mx\/sitio\/?p=12627"},"modified":"2023-03-29T07:36:25","modified_gmt":"2023-03-29T13:36:25","slug":"organismos-vivos-se-suman-a-campana-comapa-marca-la-diferencia-para-concientizar-sobre-el-uso-racional-del-agua","status":"publish","type":"post","link":"https:\/\/www.comapanuevolaredo.gob.mx\/sitio\/organismos-vivos-se-suman-a-campana-comapa-marca-la-diferencia-para-concientizar-sobre-el-uso-racional-del-agua\/","title":{"rendered":"ORGANISMOS VIVOS SE SUMAN A CAMPA\u00d1A COMAPA MARCA LA DIFERENCIA PARA CONCIENTIZAR SOBRE EL USO RACIONAL DEL AGUA"},"content":{"rendered":"<p>En el marco de la conmemoraci\u00f3n del d\u00eda mundial del agua este 22 de marzo la Comisi\u00f3n Municipal de Agua Potable y Alcantarillado (COMAPA) junto con la jefatura de Cultura del Agua tuvieron un foro con la participaci\u00f3n de estudiantes del Instituto Tecnol\u00f3gico de Nuevo Laredo y Organismos Civiles de la ciudad continuando con las actividades de la semana del agua.<\/p>\n<p>Este a\u00f1o el lema es \u201cAcelerar el cambio\u201d, para lo cual desde las 9:00 de la ma\u00f1ana se realizaron visitas guiadas a las instalaciones de la planta Potabilizadora Suroriente y planta PITAR por estudiantes de la Escuela Primaria Ignacio M. Altamirano.<\/p>\n<p>A las 3:00 de la tarde se llev\u00f3 a cabo el evento conmemorativo en la Planta Internacional de Tratamiento y Aguas Residuales, donde se cont\u00f3 con la presencia de Organismos vivos de Nuevo Laredo como la C\u00e1mara Nacional de la Industria de Restaurantes y Alimentos Condimentados (CANIRAC), el Colegio de Ingenieros Civiles, De la C\u00e1mara Mexicana de la Industria de la Construcci\u00f3n (CMIC) y alumnos del Instituto Tecnol\u00f3gico de Nuevo Laredo en donde adem\u00e1s del recorrido por la planta tratadora se ofreci\u00f3 una pl\u00e1tica de concientizaci\u00f3n.<\/p>\n<p>Cabe destacar que all\u00ed mismo se entreg\u00f3 una hoja compromiso donde los representantes de cada organismo, firmaron en acuerdo de apoyar, difundir, haciendo equipo y juntos sociedad y gobierno orientamos los esfuerzos para apoyar y difundir el uso adecuado y sostenible del agua.<\/p>\n<p>Las festividades continuar\u00e1n este jueves 23 con los recorridos por las plantas ya mencionadas con alumnos de la Escuela Primaria Revoluci\u00f3n y de la Preparatoria Jos\u00e9 Vasconcelos.<\/p>\n<p>La Gerente General de COMAPA, Silvia Fern\u00e1ndez Gallardo agradeci\u00f3 a los organismos educativos y Asociaciones Civiles por su inter\u00e9s y participaci\u00f3n en la semana de actividades, cuyo prop\u00f3sito es que las nuevas generaciones tengan presente la importancia del uso racional del agua y su cuidado.<\/p>\n","protected":false},"excerpt":{"rendered":"<p>En el marco de la conmemoraci\u00f3n del d\u00eda mundial del agua este 22 de marzo la Comisi\u00f3n Municipal de Agua Potable y Alcantarillado (COMAPA) junto con la jefatura de Cultura del Agua tuvieron un foro con la participaci\u00f3n de estudiantes del Instituto Tecnol\u00f3gico de Nuevo Laredo y Organismos Civiles de la ciudad continuando con las [&hellip;]<\/p>\n","protected":false},"author":6,"featured_media":12632,"comment_status":"open","ping_status":"closed","sticky":false,"template":"","format":"standard","meta":{"footnotes":""},"categories":[39,18,40],"tags":[],"class_list":["post-12627","post","type-post","status-publish","format-standard","has-post-thumbnail","hentry","category-carrusel","category-cultura-del-agua","category-noticias"],"yoast_head":"<!-- This site is optimized with the Yoast SEO plugin v27.3 - https:\/\/yoast.com\/product\/yoast-seo-wordpress\/ -->\r\n<title>ORGANISMOS VIVOS SE SUMAN A CAMPA\u00d1A COMAPA MARCA LA DIFERENCIA PARA CONCIENTIZAR SOBRE EL USO RACIONAL DEL AGUA - Comapa Nuevo Laredo<\/title>\r\n<meta name=\"robots\" content=\"index, follow, max-snippet:-1, max-image-preview:large, max-video-preview:-1\" \/>\r\n<link rel=\"canonical\" href=\"https:\/\/www.comapanuevolaredo.gob.mx\/sitio\/organismos-vivos-se-suman-a-campana-comapa-marca-la-diferencia-para-concientizar-sobre-el-uso-racional-del-agua\/\" \/>\r\n<meta property=\"og:locale\" content=\"es_ES\" \/>\r\n<meta property=\"og:type\" content=\"article\" \/>\r\n<meta property=\"og:title\" content=\"ORGANISMOS VIVOS SE SUMAN A CAMPA\u00d1A COMAPA MARCA LA DIFERENCIA PARA CONCIENTIZAR SOBRE EL USO RACIONAL DEL AGUA - Comapa Nuevo Laredo\" \/>\r\n<meta property=\"og:description\" content=\"En el marco de la conmemoraci\u00f3n del d\u00eda mundial del agua este 22 de marzo la Comisi\u00f3n Municipal de Agua Potable y Alcantarillado (COMAPA) junto con la jefatura de Cultura del Agua tuvieron un foro con la participaci\u00f3n de estudiantes del Instituto Tecnol\u00f3gico de Nuevo Laredo y Organismos Civiles de la ciudad continuando con las [&hellip;]\" \/>\r\n<meta property=\"og:url\" content=\"https:\/\/www.comapanuevolaredo.gob.mx\/sitio\/organismos-vivos-se-suman-a-campana-comapa-marca-la-diferencia-para-concientizar-sobre-el-uso-racional-del-agua\/\" \/>\r\n<meta property=\"og:site_name\" content=\"Comapa Nuevo Laredo\" \/>\r\n<meta property=\"article:publisher\" content=\"https:\/\/www.facebook.com\/comapa.nuevolaredo\/\" \/>\r\n<meta property=\"article:published_time\" content=\"2023-03-29T13:30:52+00:00\" \/>\r\n<meta property=\"article:modified_time\" content=\"2023-03-29T13:36:25+00:00\" \/>\r\n<meta property=\"og:image\" content=\"https:\/\/www.comapanuevolaredo.gob.mx\/sitio\/wp-content\/uploads\/2023\/03\/boletin-127-1.jpg\" \/>\r\n\t<meta property=\"og:image:width\" content=\"720\" \/>\r\n\t<meta property=\"og:image:height\" content=\"540\" \/>\r\n\t<meta property=\"og:image:type\" content=\"image\/jpeg\" \/>\r\n<meta name=\"author\" content=\"Cyndi Ramirez\" \/>\r\n<meta name=\"twitter:card\" content=\"summary_large_image\" \/>\r\n<meta name=\"twitter:creator\" content=\"@ComapaNvoLaredo\" \/>\r\n<meta name=\"twitter:site\" content=\"@ComapaNvoLaredo\" \/>\r\n<meta name=\"twitter:label1\" content=\"Escrito por\" \/>\n\t<meta name=\"twitter:data1\" content=\"Cyndi Ramirez\" \/>\n\t<meta name=\"twitter:label2\" content=\"Tiempo de lectura\" \/>\n\t<meta name=\"twitter:data2\" content=\"2 minutos\" \/>\r\n<script type=\"application\/ld+json\" class=\"yoast-schema-graph\">{\"@context\":\"https:\\\/\\\/schema.org\",\"@graph\":[{\"@type\":\"Article\",\"@id\":\"https:\\\/\\\/www.comapanuevolaredo.gob.mx\\\/sitio\\\/organismos-vivos-se-suman-a-campana-comapa-marca-la-diferencia-para-concientizar-sobre-el-uso-racional-del-agua\\\/#article\",\"isPartOf\":{\"@id\":\"https:\\\/\\\/www.comapanuevolaredo.gob.mx\\\/sitio\\\/organismos-vivos-se-suman-a-campana-comapa-marca-la-diferencia-para-concientizar-sobre-el-uso-racional-del-agua\\\/\"},\"author\":{\"name\":\"Cyndi Ramirez\",\"@id\":\"https:\\\/\\\/www.comapanuevolaredo.gob.mx\\\/sitio\\\/#\\\/schema\\\/person\\\/9e85eb4ab4ba6580b28c7431a440d821\"},\"headline\":\"ORGANISMOS VIVOS SE SUMAN A CAMPA\u00d1A COMAPA MARCA LA DIFERENCIA PARA CONCIENTIZAR SOBRE EL USO RACIONAL DEL AGUA\",\"datePublished\":\"2023-03-29T13:30:52+00:00\",\"dateModified\":\"2023-03-29T13:36:25+00:00\",\"mainEntityOfPage\":{\"@id\":\"https:\\\/\\\/www.comapanuevolaredo.gob.mx\\\/sitio\\\/organismos-vivos-se-suman-a-campana-comapa-marca-la-diferencia-para-concientizar-sobre-el-uso-racional-del-agua\\\/\"},\"wordCount\":338,\"commentCount\":0,\"publisher\":{\"@id\":\"https:\\\/\\\/www.comapanuevolaredo.gob.mx\\\/sitio\\\/#organization\"},\"image\":{\"@id\":\"https:\\\/\\\/www.comapanuevolaredo.gob.mx\\\/sitio\\\/organismos-vivos-se-suman-a-campana-comapa-marca-la-diferencia-para-concientizar-sobre-el-uso-racional-del-agua\\\/#primaryimage\"},\"thumbnailUrl\":\"https:\\\/\\\/www.comapanuevolaredo.gob.mx\\\/sitio\\\/wp-content\\\/uploads\\\/2023\\\/03\\\/boletin-127-1.jpg\",\"articleSection\":[\"carrusel\",\"Cultura del Agua\",\"Noticias\"],\"inLanguage\":\"es\",\"potentialAction\":[{\"@type\":\"CommentAction\",\"name\":\"Comment\",\"target\":[\"https:\\\/\\\/www.comapanuevolaredo.gob.mx\\\/sitio\\\/organismos-vivos-se-suman-a-campana-comapa-marca-la-diferencia-para-concientizar-sobre-el-uso-racional-del-agua\\\/#respond\"]}]},{\"@type\":\"WebPage\",\"@id\":\"https:\\\/\\\/www.comapanuevolaredo.gob.mx\\\/sitio\\\/organismos-vivos-se-suman-a-campana-comapa-marca-la-diferencia-para-concientizar-sobre-el-uso-racional-del-agua\\\/\",\"url\":\"https:\\\/\\\/www.comapanuevolaredo.gob.mx\\\/sitio\\\/organismos-vivos-se-suman-a-campana-comapa-marca-la-diferencia-para-concientizar-sobre-el-uso-racional-del-agua\\\/\",\"name\":\"ORGANISMOS VIVOS SE SUMAN A CAMPA\u00d1A COMAPA MARCA LA DIFERENCIA PARA CONCIENTIZAR SOBRE EL USO RACIONAL DEL AGUA - Comapa Nuevo Laredo\",\"isPartOf\":{\"@id\":\"https:\\\/\\\/www.comapanuevolaredo.gob.mx\\\/sitio\\\/#website\"},\"primaryImageOfPage\":{\"@id\":\"https:\\\/\\\/www.comapanuevolaredo.gob.mx\\\/sitio\\\/organismos-vivos-se-suman-a-campana-comapa-marca-la-diferencia-para-concientizar-sobre-el-uso-racional-del-agua\\\/#primaryimage\"},\"image\":{\"@id\":\"https:\\\/\\\/www.comapanuevolaredo.gob.mx\\\/sitio\\\/organismos-vivos-se-suman-a-campana-comapa-marca-la-diferencia-para-concientizar-sobre-el-uso-racional-del-agua\\\/#primaryimage\"},\"thumbnailUrl\":\"https:\\\/\\\/www.comapanuevolaredo.gob.mx\\\/sitio\\\/wp-content\\\/uploads\\\/2023\\\/03\\\/boletin-127-1.jpg\",\"datePublished\":\"2023-03-29T13:30:52+00:00\",\"dateModified\":\"2023-03-29T13:36:25+00:00\",\"breadcrumb\":{\"@id\":\"https:\\\/\\\/www.comapanuevolaredo.gob.mx\\\/sitio\\\/organismos-vivos-se-suman-a-campana-comapa-marca-la-diferencia-para-concientizar-sobre-el-uso-racional-del-agua\\\/#breadcrumb\"},\"inLanguage\":\"es\",\"potentialAction\":[{\"@type\":\"ReadAction\",\"target\":[\"https:\\\/\\\/www.comapanuevolaredo.gob.mx\\\/sitio\\\/organismos-vivos-se-suman-a-campana-comapa-marca-la-diferencia-para-concientizar-sobre-el-uso-racional-del-agua\\\/\"]}]},{\"@type\":\"ImageObject\",\"inLanguage\":\"es\",\"@id\":\"https:\\\/\\\/www.comapanuevolaredo.gob.mx\\\/sitio\\\/organismos-vivos-se-suman-a-campana-comapa-marca-la-diferencia-para-concientizar-sobre-el-uso-racional-del-agua\\\/#primaryimage\",\"url\":\"https:\\\/\\\/www.comapanuevolaredo.gob.mx\\\/sitio\\\/wp-content\\\/uploads\\\/2023\\\/03\\\/boletin-127-1.jpg\",\"contentUrl\":\"https:\\\/\\\/www.comapanuevolaredo.gob.mx\\\/sitio\\\/wp-content\\\/uploads\\\/2023\\\/03\\\/boletin-127-1.jpg\",\"width\":720,\"height\":540},{\"@type\":\"BreadcrumbList\",\"@id\":\"https:\\\/\\\/www.comapanuevolaredo.gob.mx\\\/sitio\\\/organismos-vivos-se-suman-a-campana-comapa-marca-la-diferencia-para-concientizar-sobre-el-uso-racional-del-agua\\\/#breadcrumb\",\"itemListElement\":[{\"@type\":\"ListItem\",\"position\":1,\"name\":\"Home\",\"item\":\"https:\\\/\\\/www.comapanuevolaredo.gob.mx\\\/sitio\\\/\"},{\"@type\":\"ListItem\",\"position\":2,\"name\":\"ORGANISMOS VIVOS SE SUMAN A CAMPA\u00d1A COMAPA MARCA LA DIFERENCIA PARA CONCIENTIZAR SOBRE EL USO RACIONAL DEL AGUA\"}]},{\"@type\":\"WebSite\",\"@id\":\"https:\\\/\\\/www.comapanuevolaredo.gob.mx\\\/sitio\\\/#website\",\"url\":\"https:\\\/\\\/www.comapanuevolaredo.gob.mx\\\/sitio\\\/\",\"name\":\"Comapa Nuevo Laredo\",\"description\":\"Servicio y distribuci\u00f3n de agua potable y drenaje, planta potabilizadora en NLD, a orillas del R\u00edo Bravo, en la Frontera Norte de Tamaulipas, M\u00e9xico\",\"publisher\":{\"@id\":\"https:\\\/\\\/www.comapanuevolaredo.gob.mx\\\/sitio\\\/#organization\"},\"potentialAction\":[{\"@type\":\"SearchAction\",\"target\":{\"@type\":\"EntryPoint\",\"urlTemplate\":\"https:\\\/\\\/www.comapanuevolaredo.gob.mx\\\/sitio\\\/?s={search_term_string}\"},\"query-input\":{\"@type\":\"PropertyValueSpecification\",\"valueRequired\":true,\"valueName\":\"search_term_string\"}}],\"inLanguage\":\"es\"},{\"@type\":\"Organization\",\"@id\":\"https:\\\/\\\/www.comapanuevolaredo.gob.mx\\\/sitio\\\/#organization\",\"name\":\"Comapa Nuevo Laredo\",\"url\":\"https:\\\/\\\/www.comapanuevolaredo.gob.mx\\\/sitio\\\/\",\"logo\":{\"@type\":\"ImageObject\",\"inLanguage\":\"es\",\"@id\":\"https:\\\/\\\/www.comapanuevolaredo.gob.mx\\\/sitio\\\/#\\\/schema\\\/logo\\\/image\\\/\",\"url\":\"https:\\\/\\\/www.comapanuevolaredo.gob.mx\\\/sitio\\\/wp-content\\\/uploads\\\/2025\\\/02\\\/cropped-512.jpg\",\"contentUrl\":\"https:\\\/\\\/www.comapanuevolaredo.gob.mx\\\/sitio\\\/wp-content\\\/uploads\\\/2025\\\/02\\\/cropped-512.jpg\",\"width\":512,\"height\":512,\"caption\":\"Comapa Nuevo Laredo\"},\"image\":{\"@id\":\"https:\\\/\\\/www.comapanuevolaredo.gob.mx\\\/sitio\\\/#\\\/schema\\\/logo\\\/image\\\/\"},\"sameAs\":[\"https:\\\/\\\/www.facebook.com\\\/comapa.nuevolaredo\\\/\",\"https:\\\/\\\/x.com\\\/ComapaNvoLaredo\",\"https:\\\/\\\/www.instagram.com\\\/comapanld\\\/\"]},{\"@type\":\"Person\",\"@id\":\"https:\\\/\\\/www.comapanuevolaredo.gob.mx\\\/sitio\\\/#\\\/schema\\\/person\\\/9e85eb4ab4ba6580b28c7431a440d821\",\"name\":\"Cyndi Ramirez\",\"image\":{\"@type\":\"ImageObject\",\"inLanguage\":\"es\",\"@id\":\"https:\\\/\\\/secure.gravatar.com\\\/avatar\\\/b4b02d7b72ab4a27c426f3fb8c89cc65826174909295f679ff76db95364294e4?s=96&d=mm&r=g\",\"url\":\"https:\\\/\\\/secure.gravatar.com\\\/avatar\\\/b4b02d7b72ab4a27c426f3fb8c89cc65826174909295f679ff76db95364294e4?s=96&d=mm&r=g\",\"contentUrl\":\"https:\\\/\\\/secure.gravatar.com\\\/avatar\\\/b4b02d7b72ab4a27c426f3fb8c89cc65826174909295f679ff76db95364294e4?s=96&d=mm&r=g\",\"caption\":\"Cyndi Ramirez\"}}]}<\/script>\r\n<!-- \/ Yoast SEO plugin. -->","yoast_head_json":{"title":"ORGANISMOS VIVOS SE SUMAN A CAMPA\u00d1A COMAPA MARCA LA DIFERENCIA PARA CONCIENTIZAR SOBRE EL USO RACIONAL DEL AGUA - Comapa Nuevo Laredo","robots":{"index":"index","follow":"follow","max-snippet":"max-snippet:-1","max-image-preview":"max-image-preview:large","max-video-preview":"max-video-preview:-1"},"canonical":"https:\/\/www.comapanuevolaredo.gob.mx\/sitio\/organismos-vivos-se-suman-a-campana-comapa-marca-la-diferencia-para-concientizar-sobre-el-uso-racional-del-agua\/","og_locale":"es_ES","og_type":"article","og_title":"ORGANISMOS VIVOS SE SUMAN A CAMPA\u00d1A COMAPA MARCA LA DIFERENCIA PARA CONCIENTIZAR SOBRE EL USO RACIONAL DEL AGUA - Comapa Nuevo Laredo","og_description":"En el marco de la conmemoraci\u00f3n del d\u00eda mundial del agua este 22 de marzo la Comisi\u00f3n Municipal de Agua Potable y Alcantarillado (COMAPA) junto con la jefatura de Cultura del Agua tuvieron un foro con la participaci\u00f3n de estudiantes del Instituto Tecnol\u00f3gico de Nuevo Laredo y Organismos Civiles de la ciudad continuando con las [&hellip;]","og_url":"https:\/\/www.comapanuevolaredo.gob.mx\/sitio\/organismos-vivos-se-suman-a-campana-comapa-marca-la-diferencia-para-concientizar-sobre-el-uso-racional-del-agua\/","og_site_name":"Comapa Nuevo Laredo","article_publisher":"https:\/\/www.facebook.com\/comapa.nuevolaredo\/","article_published_time":"2023-03-29T13:30:52+00:00","article_modified_time":"2023-03-29T13:36:25+00:00","og_image":[{"width":720,"height":540,"url":"https:\/\/www.comapanuevolaredo.gob.mx\/sitio\/wp-content\/uploads\/2023\/03\/boletin-127-1.jpg","type":"image\/jpeg"}],"author":"Cyndi Ramirez","twitter_card":"summary_large_image","twitter_creator":"@ComapaNvoLaredo","twitter_site":"@ComapaNvoLaredo","twitter_misc":{"Escrito por":"Cyndi Ramirez","Tiempo de lectura":"2 minutos"},"schema":{"@context":"https:\/\/schema.org","@graph":[{"@type":"Article","@id":"https:\/\/www.comapanuevolaredo.gob.mx\/sitio\/organismos-vivos-se-suman-a-campana-comapa-marca-la-diferencia-para-concientizar-sobre-el-uso-racional-del-agua\/#article","isPartOf":{"@id":"https:\/\/www.comapanuevolaredo.gob.mx\/sitio\/organismos-vivos-se-suman-a-campana-comapa-marca-la-diferencia-para-concientizar-sobre-el-uso-racional-del-agua\/"},"author":{"name":"Cyndi Ramirez","@id":"https:\/\/www.comapanuevolaredo.gob.mx\/sitio\/#\/schema\/person\/9e85eb4ab4ba6580b28c7431a440d821"},"headline":"ORGANISMOS VIVOS SE SUMAN A CAMPA\u00d1A COMAPA MARCA LA DIFERENCIA PARA CONCIENTIZAR SOBRE EL USO RACIONAL DEL AGUA","datePublished":"2023-03-29T13:30:52+00:00","dateModified":"2023-03-29T13:36:25+00:00","mainEntityOfPage":{"@id":"https:\/\/www.comapanuevolaredo.gob.mx\/sitio\/organismos-vivos-se-suman-a-campana-comapa-marca-la-diferencia-para-concientizar-sobre-el-uso-racional-del-agua\/"},"wordCount":338,"commentCount":0,"publisher":{"@id":"https:\/\/www.comapanuevolaredo.gob.mx\/sitio\/#organization"},"image":{"@id":"https:\/\/www.comapanuevolaredo.gob.mx\/sitio\/organismos-vivos-se-suman-a-campana-comapa-marca-la-diferencia-para-concientizar-sobre-el-uso-racional-del-agua\/#primaryimage"},"thumbnailUrl":"https:\/\/www.comapanuevolaredo.gob.mx\/sitio\/wp-content\/uploads\/2023\/03\/boletin-127-1.jpg","articleSection":["carrusel","Cultura del Agua","Noticias"],"inLanguage":"es","potentialAction":[{"@type":"CommentAction","name":"Comment","target":["https:\/\/www.comapanuevolaredo.gob.mx\/sitio\/organismos-vivos-se-suman-a-campana-comapa-marca-la-diferencia-para-concientizar-sobre-el-uso-racional-del-agua\/#respond"]}]},{"@type":"WebPage","@id":"https:\/\/www.comapanuevolaredo.gob.mx\/sitio\/organismos-vivos-se-suman-a-campana-comapa-marca-la-diferencia-para-concientizar-sobre-el-uso-racional-del-agua\/","url":"https:\/\/www.comapanuevolaredo.gob.mx\/sitio\/organismos-vivos-se-suman-a-campana-comapa-marca-la-diferencia-para-concientizar-sobre-el-uso-racional-del-agua\/","name":"ORGANISMOS VIVOS SE SUMAN A CAMPA\u00d1A COMAPA MARCA LA DIFERENCIA PARA CONCIENTIZAR SOBRE EL USO RACIONAL DEL AGUA - Comapa Nuevo Laredo","isPartOf":{"@id":"https:\/\/www.comapanuevolaredo.gob.mx\/sitio\/#website"},"primaryImageOfPage":{"@id":"https:\/\/www.comapanuevolaredo.gob.mx\/sitio\/organismos-vivos-se-suman-a-campana-comapa-marca-la-diferencia-para-concientizar-sobre-el-uso-racional-del-agua\/#primaryimage"},"image":{"@id":"https:\/\/www.comapanuevolaredo.gob.mx\/sitio\/organismos-vivos-se-suman-a-campana-comapa-marca-la-diferencia-para-concientizar-sobre-el-uso-racional-del-agua\/#primaryimage"},"thumbnailUrl":"https:\/\/www.comapanuevolaredo.gob.mx\/sitio\/wp-content\/uploads\/2023\/03\/boletin-127-1.jpg","datePublished":"2023-03-29T13:30:52+00:00","dateModified":"2023-03-29T13:36:25+00:00","breadcrumb":{"@id":"https:\/\/www.comapanuevolaredo.gob.mx\/sitio\/organismos-vivos-se-suman-a-campana-comapa-marca-la-diferencia-para-concientizar-sobre-el-uso-racional-del-agua\/#breadcrumb"},"inLanguage":"es","potentialAction":[{"@type":"ReadAction","target":["https:\/\/www.comapanuevolaredo.gob.mx\/sitio\/organismos-vivos-se-suman-a-campana-comapa-marca-la-diferencia-para-concientizar-sobre-el-uso-racional-del-agua\/"]}]},{"@type":"ImageObject","inLanguage":"es","@id":"https:\/\/www.comapanuevolaredo.gob.mx\/sitio\/organismos-vivos-se-suman-a-campana-comapa-marca-la-diferencia-para-concientizar-sobre-el-uso-racional-del-agua\/#primaryimage","url":"https:\/\/www.comapanuevolaredo.gob.mx\/sitio\/wp-content\/uploads\/2023\/03\/boletin-127-1.jpg","contentUrl":"https:\/\/www.comapanuevolaredo.gob.mx\/sitio\/wp-content\/uploads\/2023\/03\/boletin-127-1.jpg","width":720,"height":540},{"@type":"BreadcrumbList","@id":"https:\/\/www.comapanuevolaredo.gob.mx\/sitio\/organismos-vivos-se-suman-a-campana-comapa-marca-la-diferencia-para-concientizar-sobre-el-uso-racional-del-agua\/#breadcrumb","itemListElement":[{"@type":"ListItem","position":1,"name":"Home","item":"https:\/\/www.comapanuevolaredo.gob.mx\/sitio\/"},{"@type":"ListItem","position":2,"name":"ORGANISMOS VIVOS SE SUMAN A CAMPA\u00d1A COMAPA MARCA LA DIFERENCIA PARA CONCIENTIZAR SOBRE EL USO RACIONAL DEL AGUA"}]},{"@type":"WebSite","@id":"https:\/\/www.comapanuevolaredo.gob.mx\/sitio\/#website","url":"https:\/\/www.comapanuevolaredo.gob.mx\/sitio\/","name":"Comapa Nuevo Laredo","description":"Servicio y distribuci\u00f3n de agua potable y drenaje, planta potabilizadora en NLD, a orillas del R\u00edo Bravo, en la Frontera Norte de Tamaulipas, M\u00e9xico","publisher":{"@id":"https:\/\/www.comapanuevolaredo.gob.mx\/sitio\/#organization"},"potentialAction":[{"@type":"SearchAction","target":{"@type":"EntryPoint","urlTemplate":"https:\/\/www.comapanuevolaredo.gob.mx\/sitio\/?s={search_term_string}"},"query-input":{"@type":"PropertyValueSpecification","valueRequired":true,"valueName":"search_term_string"}}],"inLanguage":"es"},{"@type":"Organization","@id":"https:\/\/www.comapanuevolaredo.gob.mx\/sitio\/#organization","name":"Comapa Nuevo Laredo","url":"https:\/\/www.comapanuevolaredo.gob.mx\/sitio\/","logo":{"@type":"ImageObject","inLanguage":"es","@id":"https:\/\/www.comapanuevolaredo.gob.mx\/sitio\/#\/schema\/logo\/image\/","url":"https:\/\/www.comapanuevolaredo.gob.mx\/sitio\/wp-content\/uploads\/2025\/02\/cropped-512.jpg","contentUrl":"https:\/\/www.comapanuevolaredo.gob.mx\/sitio\/wp-content\/uploads\/2025\/02\/cropped-512.jpg","width":512,"height":512,"caption":"Comapa Nuevo Laredo"},"image":{"@id":"https:\/\/www.comapanuevolaredo.gob.mx\/sitio\/#\/schema\/logo\/image\/"},"sameAs":["https:\/\/www.facebook.com\/comapa.nuevolaredo\/","https:\/\/x.com\/ComapaNvoLaredo","https:\/\/www.instagram.com\/comapanld\/"]},{"@type":"Person","@id":"https:\/\/www.comapanuevolaredo.gob.mx\/sitio\/#\/schema\/person\/9e85eb4ab4ba6580b28c7431a440d821","name":"Cyndi Ramirez","image":{"@type":"ImageObject","inLanguage":"es","@id":"https:\/\/secure.gravatar.com\/avatar\/b4b02d7b72ab4a27c426f3fb8c89cc65826174909295f679ff76db95364294e4?s=96&d=mm&r=g","url":"https:\/\/secure.gravatar.com\/avatar\/b4b02d7b72ab4a27c426f3fb8c89cc65826174909295f679ff76db95364294e4?s=96&d=mm&r=g","contentUrl":"https:\/\/secure.gravatar.com\/avatar\/b4b02d7b72ab4a27c426f3fb8c89cc65826174909295f679ff76db95364294e4?s=96&d=mm&r=g","caption":"Cyndi Ramirez"}}]}},"_links":{"self":[{"href":"https:\/\/www.comapanuevolaredo.gob.mx\/sitio\/wp-json\/wp\/v2\/posts\/12627","targetHints":{"allow":["GET"]}}],"collection":[{"href":"https:\/\/www.comapanuevolaredo.gob.mx\/sitio\/wp-json\/wp\/v2\/posts"}],"about":[{"href":"https:\/\/www.comapanuevolaredo.gob.mx\/sitio\/wp-json\/wp\/v2\/types\/post"}],"author":[{"embeddable":true,"href":"https:\/\/www.comapanuevolaredo.gob.mx\/sitio\/wp-json\/wp\/v2\/users\/6"}],"replies":[{"embeddable":true,"href":"https:\/\/www.comapanuevolaredo.gob.mx\/sitio\/wp-json\/wp\/v2\/comments?post=12627"}],"version-history":[{"count":1,"href":"https:\/\/www.comapanuevolaredo.gob.mx\/sitio\/wp-json\/wp\/v2\/posts\/12627\/revisions"}],"predecessor-version":[{"id":12629,"href":"https:\/\/www.comapanuevolaredo.gob.mx\/sitio\/wp-json\/wp\/v2\/posts\/12627\/revisions\/12629"}],"wp:featuredmedia":[{"embeddable":true,"href":"https:\/\/www.comapanuevolaredo.gob.mx\/sitio\/wp-json\/wp\/v2\/media\/12632"}],"wp:attachment":[{"href":"https:\/\/www.comapanuevolaredo.gob.mx\/sitio\/wp-json\/wp\/v2\/media?parent=12627"}],"wp:term":[{"taxonomy":"category","embeddable":true,"href":"https:\/\/www.comapanuevolaredo.gob.mx\/sitio\/wp-json\/wp\/v2\/categories?post=12627"},{"taxonomy":"post_tag","embeddable":true,"href":"https:\/\/www.comapanuevolaredo.gob.mx\/sitio\/wp-json\/wp\/v2\/tags?post=12627"}],"curies":[{"name":"wp","href":"https:\/\/api.w.org\/{rel}","templated":true}]}}